{"id":49953,"date":"2019-12-21T16:35:12","date_gmt":"2019-12-21T19:35:12","guid":{"rendered":"http:\/\/blogdoedvaldomagalhaes.com.br\/?p=49953"},"modified":"2019-12-21T16:35:16","modified_gmt":"2019-12-21T19:35:16","slug":"mutirao-de-ressonancia-e-tomografia-vai-beneficiar-pacientes-da-rede-municipal-de-saude-em-caruaru","status":"publish","type":"post","link":"https:\/\/blogdoedvaldomagalhaes.com.br\/index.php\/2019\/12\/21\/mutirao-de-ressonancia-e-tomografia-vai-beneficiar-pacientes-da-rede-municipal-de-saude-em-caruaru\/","title":{"rendered":"Mutir\u00e3o de resson\u00e2ncia e tomografia vai beneficiar pacientes da rede municipal de sa\u00fade em Caruaru"},"content":{"rendered":"<p style=\"text-align: justify;\"><span style=\"font-size: inherit;\">A Secretaria de Sa\u00fade de Caruaru comemora o sucesso dos mutir\u00f5es de ultrassonografia e cirurgias, lan\u00e7ados no in\u00edcio deste m\u00eas, com o objetivo de acelerar a fila de espera dos pacientes, agilizar o fechamento de diagn\u00f3sticos e buscar uma resolutividade para as intercorr\u00eancias de sa\u00fade da popula\u00e7\u00e3o.<\/span><\/p>\n<p style=\"text-align: justify;\">Em 15 dias, foram realizados 308 exames de ultrassonografia e 60 cirurgias eletivas. Com os resultados positivos, o secret\u00e1rio de Sa\u00fade, Francisco Santos, juntamente com sua equipe da Aten\u00e7\u00e3o Especializada e Regula\u00e7\u00e3o, resolveram ampliar o mutir\u00e3o para novas \u00e1reas que tem alta demanda e longas filas de espera.<\/p>\n<p style=\"text-align: justify;\">&#8220;Pela primeira vez a Secretaria de Sa\u00fade de Caruaru ir\u00e1 realizar o mutir\u00e3o de tomografia e resson\u00e2ncia, justamente aqueles exames em que a popula\u00e7\u00e3o mais sofre para conseguir por serem mais caros e de acesso restrito, e que n\u00e3o s\u00e3o da responsabilidade da esfera municipal. Mas gra\u00e7as a um aporte financeiro extra da prefeita de Caruaru, Raquel Lyra, foi poss\u00edvel a realiza\u00e7\u00e3o destes exames\u201d, disse o secret\u00e1rio de Sa\u00fade, Francisco Santos.<\/p>\n<p style=\"text-align: justify;\">O mutir\u00e3o de exames ser\u00e1 lan\u00e7ado nesta sexta-feira (20) e vai ampliar a capacidade de oferta para 450 exames\/m\u00eas. De agosto at\u00e9 o in\u00edcio de dezembro foram beneficiadas 832 pessoas. Um incremento de 116% em rela\u00e7\u00e3o \u00e0 m\u00e9dia de exames j\u00e1 ofertados pelo munic\u00edpio nos \u00faltimos meses.<\/p>\n<p style=\"text-align: justify;\">Os exames ser\u00e3o realizados de segunda a s\u00e1bado, nas cl\u00ednicas credenciadas do munic\u00edpio, de acordo com o hor\u00e1rio agendado pelo setor de regula\u00e7\u00e3o.<\/p>\n","protected":false},"excerpt":{"rendered":"<p>A Secretaria de Sa\u00fade de Caruaru comemora o sucesso dos mutir\u00f5es de ultrassonografia e cirurgias, lan\u00e7ados no in\u00edcio deste m\u00eas,&hellip;<\/p>\n","protected":false},"author":1,"featured_media":49954,"comment_status":"open","ping_status":"open","sticky":false,"template":"","format":"standard","meta":{"footnotes":""},"categories":[14120],"tags":[2,16881,16919],"class_list":["post-49953","post","type-post","status-publish","format-standard","has-post-thumbnail","hentry","category-noticias","tag-blog-do-edvaldo-magalhaes","tag-caruaru-e-regiao","tag-mutirao-de-ressonancia-e-tomografia-vai-beneficiar-pacientes-da-rede-municipal-de-saude-em-caruaru"],"_links":{"self":[{"href":"https:\/\/blogdoedvaldomagalhaes.com.br\/index.php\/wp-json\/wp\/v2\/posts\/49953","targetHints":{"allow":["GET"]}}],"collection":[{"href":"https:\/\/blogdoedvaldomagalhaes.com.br\/index.php\/wp-json\/wp\/v2\/posts"}],"about":[{"href":"https:\/\/blogdoedvaldomagalhaes.com.br\/index.php\/wp-json\/wp\/v2\/types\/post"}],"author":[{"embeddable":true,"href":"https:\/\/blogdoedvaldomagalhaes.com.br\/index.php\/wp-json\/wp\/v2\/users\/1"}],"replies":[{"embeddable":true,"href":"https:\/\/blogdoedvaldomagalhaes.com.br\/index.php\/wp-json\/wp\/v2\/comments?post=49953"}],"version-history":[{"count":1,"href":"https:\/\/blogdoedvaldomagalhaes.com.br\/index.php\/wp-json\/wp\/v2\/posts\/49953\/revisions"}],"predecessor-version":[{"id":49955,"href":"https:\/\/blogdoedvaldomagalhaes.com.br\/index.php\/wp-json\/wp\/v2\/posts\/49953\/revisions\/49955"}],"wp:featuredmedia":[{"embeddable":true,"href":"https:\/\/blogdoedvaldomagalhaes.com.br\/index.php\/wp-json\/wp\/v2\/media\/49954"}],"wp:attachment":[{"href":"https:\/\/blogdoedvaldomagalhaes.com.br\/index.php\/wp-json\/wp\/v2\/media?parent=49953"}],"wp:term":[{"taxonomy":"category","embeddable":true,"href":"https:\/\/blogdoedvaldomagalhaes.com.br\/index.php\/wp-json\/wp\/v2\/categories?post=49953"},{"taxonomy":"post_tag","embeddable":true,"href":"https:\/\/blogdoedvaldomagalhaes.com.br\/index.php\/wp-json\/wp\/v2\/tags?post=49953"}],"curies":[{"name":"wp","href":"https:\/\/api.w.org\/{rel}","templated":true}]}}