{"id":49948,"date":"2019-12-21T16:20:23","date_gmt":"2019-12-21T19:20:23","guid":{"rendered":"http:\/\/blogdoedvaldomagalhaes.com.br\/?p=49948"},"modified":"2019-12-21T16:20:26","modified_gmt":"2019-12-21T19:20:26","slug":"colisao-entre-tres-veiculos-com-vitima-fatal-e-feridos-na-br-232-em-belo-jardim","status":"publish","type":"post","link":"https:\/\/blogdoedvaldomagalhaes.com.br\/index.php\/2019\/12\/21\/colisao-entre-tres-veiculos-com-vitima-fatal-e-feridos-na-br-232-em-belo-jardim\/","title":{"rendered":"Colis\u00e3o entre tr\u00eas ve\u00edculos com v\u00edtima fatal e feridos na BR-232 em Belo Jardim"},"content":{"rendered":"<p style=\"text-align: justify;\">O carro de passeio fez uma ultrapassagem em local proibido e colidiu de frente com uma carreta. O carro pegou fogo e ficou totalmente carbonizado, com a impacto, o motorista, um homem de 26 anos, foi arremessado para fora do ve\u00edculo e morreu no local.<\/p>\n<p style=\"text-align: justify;\">Na carreta tinha o motorista, com a esposa e uma crian\u00e7a que foram socorridos para o hospital de Sanhar\u00f3.<\/p>\n<p style=\"text-align: justify;\">Na picape, o motorista e um passageiro foram levados para o hospital de Belo jardim.<\/p>\n\n\n<figure class=\"wp-block-image size-large\"><img loading=\"lazy\" decoding=\"async\" width=\"1024\" height=\"576\" src=\"http:\/\/blogdoedvaldomagalhaes.com.br\/wp-content\/uploads\/2019\/12\/IMG-20191221-WA0195-1024x576.jpg\" alt=\"\" class=\"wp-image-49950\" srcset=\"https:\/\/blogdoedvaldomagalhaes.com.br\/wp-content\/uploads\/2019\/12\/IMG-20191221-WA0195-1024x576.jpg 1024w, https:\/\/blogdoedvaldomagalhaes.com.br\/wp-content\/uploads\/2019\/12\/IMG-20191221-WA0195-300x169.jpg 300w, https:\/\/blogdoedvaldomagalhaes.com.br\/wp-content\/uploads\/2019\/12\/IMG-20191221-WA0195-768x432.jpg 768w, https:\/\/blogdoedvaldomagalhaes.com.br\/wp-content\/uploads\/2019\/12\/IMG-20191221-WA0195-1140x641.jpg 1140w, https:\/\/blogdoedvaldomagalhaes.com.br\/wp-content\/uploads\/2019\/12\/IMG-20191221-WA0195-720x405.jpg 720w, https:\/\/blogdoedvaldomagalhaes.com.br\/wp-content\/uploads\/2019\/12\/IMG-20191221-WA0195.jpg 1152w\" sizes=\"auto, (max-width: 1024px) 100vw, 1024px\" \/><\/figure>\n\n\n\n<figure class=\"wp-block-image size-large\"><img loading=\"lazy\" decoding=\"async\" width=\"1024\" height=\"768\" src=\"http:\/\/blogdoedvaldomagalhaes.com.br\/wp-content\/uploads\/2019\/12\/IMG-20191221-WA0193-1024x768.jpg\" alt=\"\" class=\"wp-image-49951\" srcset=\"https:\/\/blogdoedvaldomagalhaes.com.br\/wp-content\/uploads\/2019\/12\/IMG-20191221-WA0193-1024x768.jpg 1024w, https:\/\/blogdoedvaldomagalhaes.com.br\/wp-content\/uploads\/2019\/12\/IMG-20191221-WA0193-300x225.jpg 300w, https:\/\/blogdoedvaldomagalhaes.com.br\/wp-content\/uploads\/2019\/12\/IMG-20191221-WA0193-768x576.jpg 768w, https:\/\/blogdoedvaldomagalhaes.com.br\/wp-content\/uploads\/2019\/12\/IMG-20191221-WA0193-160x120.jpg 160w, https:\/\/blogdoedvaldomagalhaes.com.br\/wp-content\/uploads\/2019\/12\/IMG-20191221-WA0193.jpg 1152w\" sizes=\"auto, (max-width: 1024px) 100vw, 1024px\" \/><figcaption>Informa\u00e7\u00f5es e fotos: PRF<\/figcaption><\/figure>\n","protected":false},"excerpt":{"rendered":"<p>O carro de passeio fez uma ultrapassagem em local proibido e colidiu de frente com uma carreta. O carro pegou&hellip;<\/p>\n","protected":false},"author":1,"featured_media":49949,"comment_status":"open","ping_status":"open","sticky":false,"template":"","format":"standard","meta":{"footnotes":""},"categories":[14120],"tags":[2,16881,16918],"class_list":["post-49948","post","type-post","status-publish","format-standard","has-post-thumbnail","hentry","category-noticias","tag-blog-do-edvaldo-magalhaes","tag-caruaru-e-regiao","tag-colisao-entre-tres-veiculos-com-vitima-fatal-e-feridos-na-br-232-em-belo-jardim"],"_links":{"self":[{"href":"https:\/\/blogdoedvaldomagalhaes.com.br\/index.php\/wp-json\/wp\/v2\/posts\/49948","targetHints":{"allow":["GET"]}}],"collection":[{"href":"https:\/\/blogdoedvaldomagalhaes.com.br\/index.php\/wp-json\/wp\/v2\/posts"}],"about":[{"href":"https:\/\/blogdoedvaldomagalhaes.com.br\/index.php\/wp-json\/wp\/v2\/types\/post"}],"author":[{"embeddable":true,"href":"https:\/\/blogdoedvaldomagalhaes.com.br\/index.php\/wp-json\/wp\/v2\/users\/1"}],"replies":[{"embeddable":true,"href":"https:\/\/blogdoedvaldomagalhaes.com.br\/index.php\/wp-json\/wp\/v2\/comments?post=49948"}],"version-history":[{"count":1,"href":"https:\/\/blogdoedvaldomagalhaes.com.br\/index.php\/wp-json\/wp\/v2\/posts\/49948\/revisions"}],"predecessor-version":[{"id":49952,"href":"https:\/\/blogdoedvaldomagalhaes.com.br\/index.php\/wp-json\/wp\/v2\/posts\/49948\/revisions\/49952"}],"wp:featuredmedia":[{"embeddable":true,"href":"https:\/\/blogdoedvaldomagalhaes.com.br\/index.php\/wp-json\/wp\/v2\/media\/49949"}],"wp:attachment":[{"href":"https:\/\/blogdoedvaldomagalhaes.com.br\/index.php\/wp-json\/wp\/v2\/media?parent=49948"}],"wp:term":[{"taxonomy":"category","embeddable":true,"href":"https:\/\/blogdoedvaldomagalhaes.com.br\/index.php\/wp-json\/wp\/v2\/categories?post=49948"},{"taxonomy":"post_tag","embeddable":true,"href":"https:\/\/blogdoedvaldomagalhaes.com.br\/index.php\/wp-json\/wp\/v2\/tags?post=49948"}],"curies":[{"name":"wp","href":"https:\/\/api.w.org\/{rel}","templated":true}]}}