{"id":4994,"date":"2017-08-20T12:03:00","date_gmt":"2017-08-20T15:03:00","guid":{"rendered":"http:\/\/blogdoedvaldomagalhaes.com.br\/index.php\/2017\/08\/20\/policial-gravemente-ferido-apos-colisao\/"},"modified":"2019-02-09T01:40:32","modified_gmt":"2019-02-09T03:40:32","slug":"policial-gravemente-ferido-apos-colisao","status":"publish","type":"post","link":"https:\/\/blogdoedvaldomagalhaes.com.br\/index.php\/2017\/08\/20\/policial-gravemente-ferido-apos-colisao\/","title":{"rendered":"Policial gravemente ferido ap\u00f3s colis\u00e3o entre viatura e \u00f4nibus"},"content":{"rendered":"<div class=\"separator\" style=\"clear: both; text-align: center;\">\n<a href=\"https:\/\/4.bp.blogspot.com\/-1PeEha6kisw\/WZl5BidnXrI\/AAAAAAAAcKs\/dV69W2-nyKwHHFVhM6gjofwcnoO9R2frACLcBGAs\/s1600\/IMG-20170820-WA0012.jpg\" imageanchor=\"1\" style=\"margin-left: 1em; margin-right: 1em;\"><img loading=\"lazy\" decoding=\"async\" border=\"0\" data-original-height=\"581\" data-original-width=\"1032\" height=\"225\" src=\"http:\/\/blogdoedvaldomagalhaes.com.br\/wp-content\/uploads\/2017\/08\/IMG-20170820-WA0012.jpg\" width=\"400\" \/><\/a><\/div>\n<p><\/p>\n<div class=\"separator\" style=\"clear: both; text-align: center;\">\n<a href=\"https:\/\/4.bp.blogspot.com\/-kvnAMe5aDAg\/WZl5FTspEqI\/AAAAAAAAcKw\/nglW_3fwz6kS7f7Yb5CHz_wSnZKqDCSIwCLcBGAs\/s1600\/IMG-20170820-WA0014.jpg\" imageanchor=\"1\" style=\"margin-left: 1em; margin-right: 1em;\"><img loading=\"lazy\" decoding=\"async\" border=\"0\" data-original-height=\"581\" data-original-width=\"1032\" height=\"225\" src=\"http:\/\/blogdoedvaldomagalhaes.com.br\/wp-content\/uploads\/2017\/08\/IMG-20170820-WA0014.jpg\" width=\"400\" \/><\/a><\/div>\n<div class=\"separator\" style=\"clear: both; text-align: center;\">\n<\/div>\n<p><\/p>\n<div class=\"separator\" style=\"clear: both; text-align: center;\">\n<a href=\"https:\/\/3.bp.blogspot.com\/-zvPabO_T4yI\/WZl5LnoiKnI\/AAAAAAAAcK4\/VU96Mf2Nc38yGWVOBsbDN2rswI_gHdbGwCLcBGAs\/s1600\/IMG-20170820-WA0011.jpg\" imageanchor=\"1\" style=\"margin-left: 1em; margin-right: 1em;\"><img loading=\"lazy\" decoding=\"async\" border=\"0\" data-original-height=\"581\" data-original-width=\"1032\" height=\"225\" src=\"http:\/\/blogdoedvaldomagalhaes.com.br\/wp-content\/uploads\/2017\/08\/IMG-20170820-WA0011.jpg\" width=\"400\" \/><\/a><\/div>\n<p><\/p>\n<div class=\"separator\" style=\"clear: both; text-align: center;\">\n<a href=\"https:\/\/3.bp.blogspot.com\/-DKekMIpqkmY\/WZl5PmfFNYI\/AAAAAAAAcK8\/WcP1xMoPX783ax5SeSwroahqpHjPNw0cwCLcBGAs\/s1600\/IMG-20170820-WA0009.jpg\" imageanchor=\"1\" style=\"margin-left: 1em; margin-right: 1em;\"><img loading=\"lazy\" decoding=\"async\" border=\"0\" data-original-height=\"720\" data-original-width=\"1280\" height=\"225\" src=\"http:\/\/blogdoedvaldomagalhaes.com.br\/wp-content\/uploads\/2017\/08\/IMG-20170820-WA0009.jpg\" width=\"400\" \/><\/a><\/div>\n<div class=\"separator\" style=\"clear: both; text-align: center;\">\n<\/div>\n<div style=\"text-align: justify;\">\nPor volta das 22h30 da noite desse domingo (19), o Corpo de Bombeiros foi acionado para resgatar um policial civil que conduzia uma detenta, no cruzamento da Avenida Cruz Cabug\u00e1 com a Visconde de Suassuna, no Recife, &nbsp;pr\u00f3ximo a Caixa Econ\u00f4mica Federal e Minist\u00e9rio P\u00fablico.&nbsp;<\/div>\n<div style=\"text-align: justify;\">\n<\/div>\n<div style=\"text-align: justify;\">\nUm policial civil, de 37 anos, sofreu um traumatismo craniano grave, fratura fechada nas costelas do lado esquerdo, fratura exposta no \u00famero do lado direito, um amputa\u00e7\u00e3o parcial na orelha esquerda e ferimentos pelo t\u00f3rax.<\/div>\n<div style=\"text-align: justify;\">\n<\/div>\n<div style=\"text-align: justify;\">\nA v\u00edtima foi conduzida, inconsciente, para o Hospital da Restaura\u00e7\u00e3o, pelos Bombeiros. A outra v\u00edtima, do sexo feminino, detenta que estava sendo conduzida, foi conduzida pelo SAMU.<\/div>\n","protected":false},"excerpt":{"rendered":"<p>Por volta das 22h30 da noite desse domingo (19), o Corpo de Bombeiros foi acionado para resgatar um policial civil&hellip;<\/p>\n","protected":false},"author":1,"featured_media":0,"comment_status":"open","ping_status":"open","sticky":false,"template":"","format":"standard","meta":{"footnotes":""},"categories":[1],"tags":[2,6,6429],"class_list":["post-4994","post","type-post","status-publish","format-standard","hentry","category-sem-categoria","tag-blog-do-edvaldo-magalhaes","tag-noticias","tag-policial-gravemente-ferido-apos-colisao-entre-viatura-e-onibus"],"_links":{"self":[{"href":"https:\/\/blogdoedvaldomagalhaes.com.br\/index.php\/wp-json\/wp\/v2\/posts\/4994","targetHints":{"allow":["GET"]}}],"collection":[{"href":"https:\/\/blogdoedvaldomagalhaes.com.br\/index.php\/wp-json\/wp\/v2\/posts"}],"about":[{"href":"https:\/\/blogdoedvaldomagalhaes.com.br\/index.php\/wp-json\/wp\/v2\/types\/post"}],"author":[{"embeddable":true,"href":"https:\/\/blogdoedvaldomagalhaes.com.br\/index.php\/wp-json\/wp\/v2\/users\/1"}],"replies":[{"embeddable":true,"href":"https:\/\/blogdoedvaldomagalhaes.com.br\/index.php\/wp-json\/wp\/v2\/comments?post=4994"}],"version-history":[{"count":1,"href":"https:\/\/blogdoedvaldomagalhaes.com.br\/index.php\/wp-json\/wp\/v2\/posts\/4994\/revisions"}],"predecessor-version":[{"id":23345,"href":"https:\/\/blogdoedvaldomagalhaes.com.br\/index.php\/wp-json\/wp\/v2\/posts\/4994\/revisions\/23345"}],"wp:attachment":[{"href":"https:\/\/blogdoedvaldomagalhaes.com.br\/index.php\/wp-json\/wp\/v2\/media?parent=4994"}],"wp:term":[{"taxonomy":"category","embeddable":true,"href":"https:\/\/blogdoedvaldomagalhaes.com.br\/index.php\/wp-json\/wp\/v2\/categories?post=4994"},{"taxonomy":"post_tag","embeddable":true,"href":"https:\/\/blogdoedvaldomagalhaes.com.br\/index.php\/wp-json\/wp\/v2\/tags?post=4994"}],"curies":[{"name":"wp","href":"https:\/\/api.w.org\/{rel}","templated":true}]}}