{"id":49936,"date":"2019-12-21T15:46:13","date_gmt":"2019-12-21T18:46:13","guid":{"rendered":"http:\/\/blogdoedvaldomagalhaes.com.br\/?p=49936"},"modified":"2019-12-21T15:46:16","modified_gmt":"2019-12-21T18:46:16","slug":"caminhao-roubado-carro-de-locadora-irregular-e-arma-sao-apreendidos-em-gravata","status":"publish","type":"post","link":"https:\/\/blogdoedvaldomagalhaes.com.br\/index.php\/2019\/12\/21\/caminhao-roubado-carro-de-locadora-irregular-e-arma-sao-apreendidos-em-gravata\/","title":{"rendered":"Caminh\u00e3o roubado, carro de locadora irregular e arma s\u00e3o apreendidos em Gravat\u00e1"},"content":{"rendered":"<p style=\"text-align: justify;\">Caminh\u00e3o roubado, carro de locadora irregular e arma s\u00e3o apreendidos em Gravat\u00e1<\/p>\n<p style=\"text-align: justify;\">Tr\u00eas homens foram detidos durante fiscaliza\u00e7\u00e3o na BR 232<\/p>\n<p style=\"text-align: justify;\">Em tr\u00eas ocorr\u00eancias distintas, a Pol\u00edcia Rodovi\u00e1ria Federal (PRF) recuperou um caminh\u00e3o roubado, apreendeu um carro com queixa de apropria\u00e7\u00e3o ind\u00e9bita e localizou uma arma irregular, na manh\u00e3 desta sexta-feira (20), em Gravat\u00e1, no Agreste de Pernambuco. Os flagrantes ocorreram durante uma fiscaliza\u00e7\u00e3o da Opera\u00e7\u00e3o de Fim de ano em frente \u00e0 unidade operacional da PRF.<\/p>\n<p style=\"text-align: justify;\">O caminh\u00e3o havia sido roubado h\u00e1 cerca de tr\u00eas meses e n\u00e3o transportava mercadorias. O carro havia sido alugado h\u00e1 cinco meses em uma locadora de Boa Viagem, na Zona Sul do Recife, e n\u00e3o foi devolvido no prazo acordado. J\u00e1 a arma estava em posse do motorista de um carro que n\u00e3o possui o documento de porte obrigat\u00f3rio.<\/p>\n<p style=\"text-align: justify;\">Os motoristas de cada ve\u00edculo foram detidos e encaminhados \u00e0 delegacia de Pol\u00edcia Civil de Gravat\u00e1, para a continuidade dos procedimentos legais.<\/p>\n\n\n<figure class=\"wp-block-image size-large\"><img loading=\"lazy\" decoding=\"async\" width=\"1024\" height=\"498\" src=\"http:\/\/blogdoedvaldomagalhaes.com.br\/wp-content\/uploads\/2019\/12\/IMG-20191221-WA0175-1-1024x498.jpg\" alt=\"\" class=\"wp-image-49938\" srcset=\"https:\/\/blogdoedvaldomagalhaes.com.br\/wp-content\/uploads\/2019\/12\/IMG-20191221-WA0175-1-1024x498.jpg 1024w, https:\/\/blogdoedvaldomagalhaes.com.br\/wp-content\/uploads\/2019\/12\/IMG-20191221-WA0175-1-300x146.jpg 300w, https:\/\/blogdoedvaldomagalhaes.com.br\/wp-content\/uploads\/2019\/12\/IMG-20191221-WA0175-1-768x373.jpg 768w, https:\/\/blogdoedvaldomagalhaes.com.br\/wp-content\/uploads\/2019\/12\/IMG-20191221-WA0175-1.jpg 1280w\" sizes=\"auto, (max-width: 1024px) 100vw, 1024px\" \/><\/figure>\n\n\n\n<figure class=\"wp-block-image size-large\"><img loading=\"lazy\" decoding=\"async\" width=\"1024\" height=\"642\" src=\"http:\/\/blogdoedvaldomagalhaes.com.br\/wp-content\/uploads\/2019\/12\/IMG-20191221-WA0177-1024x642.jpg\" alt=\"\" class=\"wp-image-49939\" srcset=\"https:\/\/blogdoedvaldomagalhaes.com.br\/wp-content\/uploads\/2019\/12\/IMG-20191221-WA0177-1024x642.jpg 1024w, https:\/\/blogdoedvaldomagalhaes.com.br\/wp-content\/uploads\/2019\/12\/IMG-20191221-WA0177-300x188.jpg 300w, https:\/\/blogdoedvaldomagalhaes.com.br\/wp-content\/uploads\/2019\/12\/IMG-20191221-WA0177-768x482.jpg 768w, https:\/\/blogdoedvaldomagalhaes.com.br\/wp-content\/uploads\/2019\/12\/IMG-20191221-WA0177.jpg 1280w\" sizes=\"auto, (max-width: 1024px) 100vw, 1024px\" \/><\/figure>\n\n\n\n<figure class=\"wp-block-image size-large\"><img loading=\"lazy\" decoding=\"async\" width=\"1024\" height=\"498\" src=\"http:\/\/blogdoedvaldomagalhaes.com.br\/wp-content\/uploads\/2019\/12\/IMG-20191221-WA0178-1024x498.jpg\" alt=\"\" class=\"wp-image-49940\" srcset=\"https:\/\/blogdoedvaldomagalhaes.com.br\/wp-content\/uploads\/2019\/12\/IMG-20191221-WA0178-1024x498.jpg 1024w, https:\/\/blogdoedvaldomagalhaes.com.br\/wp-content\/uploads\/2019\/12\/IMG-20191221-WA0178-300x146.jpg 300w, https:\/\/blogdoedvaldomagalhaes.com.br\/wp-content\/uploads\/2019\/12\/IMG-20191221-WA0178-768x373.jpg 768w, https:\/\/blogdoedvaldomagalhaes.com.br\/wp-content\/uploads\/2019\/12\/IMG-20191221-WA0178.jpg 1280w\" sizes=\"auto, (max-width: 1024px) 100vw, 1024px\" \/><\/figure>\n\n\n\n<figure class=\"wp-block-image size-large\"><img loading=\"lazy\" decoding=\"async\" width=\"1024\" height=\"630\" src=\"http:\/\/blogdoedvaldomagalhaes.com.br\/wp-content\/uploads\/2019\/12\/IMG-20191221-WA0179-1024x630.jpg\" alt=\"\" class=\"wp-image-49941\" srcset=\"https:\/\/blogdoedvaldomagalhaes.com.br\/wp-content\/uploads\/2019\/12\/IMG-20191221-WA0179-1024x630.jpg 1024w, https:\/\/blogdoedvaldomagalhaes.com.br\/wp-content\/uploads\/2019\/12\/IMG-20191221-WA0179-300x185.jpg 300w, https:\/\/blogdoedvaldomagalhaes.com.br\/wp-content\/uploads\/2019\/12\/IMG-20191221-WA0179-768x473.jpg 768w, https:\/\/blogdoedvaldomagalhaes.com.br\/wp-content\/uploads\/2019\/12\/IMG-20191221-WA0179.jpg 1280w\" sizes=\"auto, (max-width: 1024px) 100vw, 1024px\" \/><\/figure>\n","protected":false},"excerpt":{"rendered":"<p>Caminh\u00e3o roubado, carro de locadora irregular e arma s\u00e3o apreendidos em Gravat\u00e1 Tr\u00eas homens foram detidos durante fiscaliza\u00e7\u00e3o na BR&hellip;<\/p>\n","protected":false},"author":1,"featured_media":49942,"comment_status":"open","ping_status":"open","sticky":false,"template":"","format":"standard","meta":{"footnotes":""},"categories":[14121],"tags":[16913,16914,16881],"class_list":["post-49936","post","type-post","status-publish","format-standard","has-post-thumbnail","hentry","category-policial","tag-caminhao-roubado","tag-carro-de-locadora-irregular-e-arma-sao-apreendidos-em-gravata","tag-caruaru-e-regiao"],"_links":{"self":[{"href":"https:\/\/blogdoedvaldomagalhaes.com.br\/index.php\/wp-json\/wp\/v2\/posts\/49936","targetHints":{"allow":["GET"]}}],"collection":[{"href":"https:\/\/blogdoedvaldomagalhaes.com.br\/index.php\/wp-json\/wp\/v2\/posts"}],"about":[{"href":"https:\/\/blogdoedvaldomagalhaes.com.br\/index.php\/wp-json\/wp\/v2\/types\/post"}],"author":[{"embeddable":true,"href":"https:\/\/blogdoedvaldomagalhaes.com.br\/index.php\/wp-json\/wp\/v2\/users\/1"}],"replies":[{"embeddable":true,"href":"https:\/\/blogdoedvaldomagalhaes.com.br\/index.php\/wp-json\/wp\/v2\/comments?post=49936"}],"version-history":[{"count":1,"href":"https:\/\/blogdoedvaldomagalhaes.com.br\/index.php\/wp-json\/wp\/v2\/posts\/49936\/revisions"}],"predecessor-version":[{"id":49943,"href":"https:\/\/blogdoedvaldomagalhaes.com.br\/index.php\/wp-json\/wp\/v2\/posts\/49936\/revisions\/49943"}],"wp:featuredmedia":[{"embeddable":true,"href":"https:\/\/blogdoedvaldomagalhaes.com.br\/index.php\/wp-json\/wp\/v2\/media\/49942"}],"wp:attachment":[{"href":"https:\/\/blogdoedvaldomagalhaes.com.br\/index.php\/wp-json\/wp\/v2\/media?parent=49936"}],"wp:term":[{"taxonomy":"category","embeddable":true,"href":"https:\/\/blogdoedvaldomagalhaes.com.br\/index.php\/wp-json\/wp\/v2\/categories?post=49936"},{"taxonomy":"post_tag","embeddable":true,"href":"https:\/\/blogdoedvaldomagalhaes.com.br\/index.php\/wp-json\/wp\/v2\/tags?post=49936"}],"curies":[{"name":"wp","href":"https:\/\/api.w.org\/{rel}","templated":true}]}}