{"id":4991,"date":"2017-08-20T19:21:00","date_gmt":"2017-08-20T22:21:00","guid":{"rendered":"http:\/\/blogdoedvaldomagalhaes.com.br\/index.php\/2017\/08\/20\/ex-presidiario-assassinado-em-sao\/"},"modified":"2019-02-09T01:40:33","modified_gmt":"2019-02-09T03:40:33","slug":"ex-presidiario-assassinado-em-sao","status":"publish","type":"post","link":"https:\/\/blogdoedvaldomagalhaes.com.br\/index.php\/2017\/08\/20\/ex-presidiario-assassinado-em-sao\/","title":{"rendered":"Ex-presidi\u00e1rio assassinado em S\u00e3o Caetano"},"content":{"rendered":"<div class=\"separator\" style=\"clear: both; text-align: center;\">\n<a href=\"https:\/\/1.bp.blogspot.com\/-seuP-5M7KiI\/WZngZ-cRLHI\/AAAAAAAAcLw\/tLVAUShN3PAoHmbMBK8yVD_Fj3d0Lh0kACLcBGAs\/s1600\/crime.jpg\" imageanchor=\"1\" style=\"margin-left: 1em; margin-right: 1em;\"><img loading=\"lazy\" decoding=\"async\" border=\"0\" data-original-height=\"540\" data-original-width=\"960\" height=\"225\" src=\"http:\/\/blogdoedvaldomagalhaes.com.br\/wp-content\/uploads\/2017\/08\/crime-2.jpg\" width=\"400\" \/><\/a><\/div>\n<div class=\"separator\" style=\"clear: both; text-align: center;\">\nFotos: Adileson Galv\u00e3o<\/div>\n<div class=\"MsoNormal\" style=\"text-align: justify;\">\n<\/div>\n<div class=\"MsoNormal\" style=\"text-align: justify;\">\nNa<br \/>\nnoite desse s\u00e1bado (19), foi assassinado a tiros na rua Su\u00ed\u00e7a, no bairro Vicente Cordeiro, em S\u00e3o<br \/>\nCaetano, o ex-presidi\u00e1rio, Edjanio Pinheiro da Silva, vulgo \u201cNilson\u201d de 42<br \/>\nanos, que morava pr\u00f3ximo ao local do crime. Ele foi preso h\u00e1 uma semana portando uma arma<br \/>\nde fogo, pagou R$ 1.500,00 para responder ao processo em liberdade.<\/div>\n<div class=\"MsoNormal\" style=\"text-align: justify;\">\n<\/div>\n<div class=\"separator\" style=\"clear: both; text-align: center;\">\n<a href=\"https:\/\/4.bp.blogspot.com\/-qhi_UXSqVKM\/WZnggUacnrI\/AAAAAAAAcL0\/chLtDk1V748tSG3mDcP7z48Byo8DTMm8QCLcBGAs\/s1600\/crime%2B2.jpg\" imageanchor=\"1\" style=\"margin-left: 1em; margin-right: 1em;\"><img loading=\"lazy\" decoding=\"async\" border=\"0\" data-original-height=\"425\" data-original-width=\"347\" height=\"400\" src=\"http:\/\/blogdoedvaldomagalhaes.com.br\/wp-content\/uploads\/2017\/08\/crime2-1.jpg\" width=\"326\" \/><\/a><\/div>\n<div class=\"MsoNormal\" style=\"text-align: justify;\">\n<\/div>\n<div class=\"MsoNormal\" style=\"text-align: justify;\">\nNilson j\u00e1 foi preso algumas<br \/>\nvezes, e se mudou para S\u00e3o Caetano h\u00e1 apenas dois meses, pois morava em<br \/>\nEncruzilhada de S\u00e3o Jo\u00e3o, zona rural de Bezerros, onde sofreu uma tentativa de homic\u00eddio, fugindo para n\u00e3o morrer, mas segundo os familiares, pode ter sido localizado pelos<br \/>\nalgozes. Ele estava desempregado.&nbsp;O corpo da v\u00edtima foi<br \/>\nencaminhado para o IML de Caruaru.<\/div>\n<div class=\"MsoNormal\" style=\"text-align: justify;\">\n<\/div>\n<div class=\"MsoNormal\" style=\"text-align: justify;\">\nReportagem de Adielson Galv\u00e3o.<\/div>\n","protected":false},"excerpt":{"rendered":"<p>Fotos: Adileson Galv\u00e3o Na noite desse s\u00e1bado (19), foi assassinado a tiros na rua Su\u00ed\u00e7a, no bairro Vicente Cordeiro, em&hellip;<\/p>\n","protected":false},"author":1,"featured_media":0,"comment_status":"open","ping_status":"open","sticky":false,"template":"","format":"standard","meta":{"footnotes":""},"categories":[1],"tags":[1548,2,2828,6426,1479,13],"class_list":["post-4991","post","type-post","status-publish","format-standard","hentry","category-sem-categoria","tag-bezerros","tag-blog-do-edvaldo-magalhaes","tag-encruzilhada-de-sao-joao","tag-ex-presidiario-assassinado-em-sao-caetano","tag-noticias-policiais","tag-policial"],"_links":{"self":[{"href":"https:\/\/blogdoedvaldomagalhaes.com.br\/index.php\/wp-json\/wp\/v2\/posts\/4991","targetHints":{"allow":["GET"]}}],"collection":[{"href":"https:\/\/blogdoedvaldomagalhaes.com.br\/index.php\/wp-json\/wp\/v2\/posts"}],"about":[{"href":"https:\/\/blogdoedvaldomagalhaes.com.br\/index.php\/wp-json\/wp\/v2\/types\/post"}],"author":[{"embeddable":true,"href":"https:\/\/blogdoedvaldomagalhaes.com.br\/index.php\/wp-json\/wp\/v2\/users\/1"}],"replies":[{"embeddable":true,"href":"https:\/\/blogdoedvaldomagalhaes.com.br\/index.php\/wp-json\/wp\/v2\/comments?post=4991"}],"version-history":[{"count":1,"href":"https:\/\/blogdoedvaldomagalhaes.com.br\/index.php\/wp-json\/wp\/v2\/posts\/4991\/revisions"}],"predecessor-version":[{"id":23353,"href":"https:\/\/blogdoedvaldomagalhaes.com.br\/index.php\/wp-json\/wp\/v2\/posts\/4991\/revisions\/23353"}],"wp:attachment":[{"href":"https:\/\/blogdoedvaldomagalhaes.com.br\/index.php\/wp-json\/wp\/v2\/media?parent=4991"}],"wp:term":[{"taxonomy":"category","embeddable":true,"href":"https:\/\/blogdoedvaldomagalhaes.com.br\/index.php\/wp-json\/wp\/v2\/categories?post=4991"},{"taxonomy":"post_tag","embeddable":true,"href":"https:\/\/blogdoedvaldomagalhaes.com.br\/index.php\/wp-json\/wp\/v2\/tags?post=4991"}],"curies":[{"name":"wp","href":"https:\/\/api.w.org\/{rel}","templated":true}]}}