{"id":49908,"date":"2019-12-20T10:34:06","date_gmt":"2019-12-20T13:34:06","guid":{"rendered":"http:\/\/blogdoedvaldomagalhaes.com.br\/?p=49908"},"modified":"2019-12-20T10:34:08","modified_gmt":"2019-12-20T13:34:08","slug":"operacao-rodovida-reforca-fiscalizacao-de-transito-em-pernambuco-a-partir-desta-sexta-20","status":"publish","type":"post","link":"https:\/\/blogdoedvaldomagalhaes.com.br\/index.php\/2019\/12\/20\/operacao-rodovida-reforca-fiscalizacao-de-transito-em-pernambuco-a-partir-desta-sexta-20\/","title":{"rendered":"Opera\u00e7\u00e3o Rodovida refor\u00e7a fiscaliza\u00e7\u00e3o de tr\u00e2nsito em Pernambuco a partir desta sexta (20)"},"content":{"rendered":"<p style=\"text-align: justify;\">A iniciativa \u00e9 uma das maiores a\u00e7\u00f5es integradas de fiscaliza\u00e7\u00e3o de tr\u00e2nsito do pa\u00eds.<\/p>\n<p style=\"text-align: justify;\">Ser\u00e1 lan\u00e7ada na pr\u00f3xima sexta-feira (20), na BR 101, em Igarassu, a Opera\u00e7\u00e3o Integrada Rodovida, que re\u00fane \u00f3rg\u00e3os de tr\u00e2nsito da Uni\u00e3o, estados e munic\u00edpios para atuarem em conjunto em prol da seguran\u00e7a vi\u00e1ria. A a\u00e7\u00e3o seguir\u00e1 at\u00e9 o dia 1\u00ba de mar\u00e7o do pr\u00f3ximo ano e tem como objetivo reduzir a viol\u00eancia no tr\u00e2nsito, por meio de a\u00e7\u00f5es conjuntas de fiscaliza\u00e7\u00e3o e preven\u00e7\u00e3o nos trechos mais cr\u00edticos de acidentes.<\/p>\n<p style=\"text-align: justify;\">Participam da opera\u00e7\u00e3o a Pol\u00edcia Rodovi\u00e1ria Federal (PRF), For\u00e7a Nacional de Seguran\u00e7a P\u00fablica (FNSP), Opera\u00e7\u00e3o Lei Seca (OLS), Batalh\u00e3o de Pol\u00edcia Rodovi\u00e1ria (BPRv), Batalh\u00e3o de Pol\u00edcia de Tr\u00e2nsito (BPTran), Departamento Estadual de Tr\u00e2nsito de Pernambuco (DETRAN-PE), Ag\u00eancia Nacional de Transporte Terrestre (ANTT), Guardas Municipais, Servi\u00e7o de Atendimento M\u00f3vel de Urg\u00eancia (SAMU) e Corpo de Bombeiros Militar de Pernambuco (CBMPE). Essa \u00e9 uma das maiores opera\u00e7\u00f5es integradas de tr\u00e2nsito do pa\u00eds e abrange per\u00edodos de grande aumento no tr\u00e1fego de ve\u00edculos nas rodovias, como as f\u00e9rias escolares e as festas de Natal, Ano Novo e Carnaval.<\/p>\n<p style=\"text-align: justify;\">Durante as atividades, ser\u00e3o priorizadas a\u00e7\u00f5es simult\u00e2neas com foco nas infra\u00e7\u00f5es que podem gerar acidentes graves, como a embriaguez ao volante, ultrapassagens proibidas, uso irregular de motocicletas, falta do cinto de seguran\u00e7a e dos dispositivos de reten\u00e7\u00e3o para crian\u00e7as. As abordagens educativas tamb\u00e9m ser\u00e3o intensificadas, para estimular condutores e passageiros a adotarem comportamentos mais seguros na utiliza\u00e7\u00e3o de ve\u00edculos.<\/p>\n<p style=\"text-align: justify;\">*Dicas de seguran\u00e7a*<\/p>\n<p style=\"text-align: justify;\">Descanse bem antes de dirigir. O sono pode ser t\u00e3o prejudicial quanto o consumo de bebida alco\u00f3lica.<\/p>\n<p style=\"text-align: justify;\">Revise pneus, freios, far\u00f3is, n\u00edvel do \u00f3leo e o motor do ve\u00edculo.<\/p>\n<p style=\"text-align: justify;\">Respeite os limites de velocidade e evite recuperar o tempo perdido com obras ou congestionamentos.<\/p>\n<p style=\"text-align: justify;\">Dirija com o farol baixo ligado e mantenha uma dist\u00e2ncia segura dos outros ve\u00edculos.<\/p>\n<p style=\"text-align: justify;\">S\u00f3 ultrapasse com seguran\u00e7a e em locais permitidos pela legisla\u00e7\u00e3o.<\/p>\n<p style=\"text-align: justify;\">Em caso de emerg\u00eancia, ligue 191.<\/p>\n<p style=\"text-align: justify;\">*Principais causas de acidentes*<\/p>\n<p style=\"text-align: justify;\">A falta de aten\u00e7\u00e3o por parte do condutor ou do pedestre foi a principal causa de acidente registrado nas rodovias federais entre janeiro a outubro deste ano, com 924 ocorr\u00eancias. Em seguida, aparece a desobedi\u00eancia \u00e0s normas de tr\u00e2nsito, com 204 acidentes e a ingest\u00e3o de \u00e1lcool, com 209 registros.<\/p>\n<p style=\"text-align: justify;\">*Trechos cr\u00edticos*<\/p>\n<p style=\"text-align: justify;\">Um levantamento da PRF, realizado entre os meses de janeiro a outubro de 2019, elencou os cinco principais trechos cr\u00edticos de acidentes em Pernambuco. Os pontos foram definidos pela quantidade de acidentes graves em trechos de 10 quil\u00f4metros. Esses acidentes resultaram em feridos graves ou mortes.<\/p>\n<p style=\"text-align: justify;\">*BR 101 \u2013 Km 70 a 80 \u2013 Jaboat\u00e3o dos Guararapes*<br \/>Acidentes Graves &#8211; 31<br \/>Total de Acidentes \u2013 141<br \/>Feridos -131<br \/>Mortes -7<\/p>\n<p style=\"text-align: justify;\">*BR 101 &#8211; Km 60 a 70 \u2013 Recife*<br \/>Acidentes Graves &#8211; 27<br \/>Total de Acidentes \u2013 138<br \/>Feridos -136<br \/>Mortes -7<\/p>\n<p style=\"text-align: justify;\">*BR 101 &#8211; Km 40 a 50 \u2013 Abreu e Lima*<br \/>Acidentes Graves &#8211; 26<br \/>Total de Acidentes \u2013 126<br \/>Feridos -98<br \/>Mortes -6<\/p>\n<p style=\"text-align: justify;\">*BR 101 \u2013 Km 50 a 60 \u2013 Paulista*<br \/>Acidentes Graves &#8211; 18<br \/>Total de Acidentes \u2013 90<br \/>Feridos -85<br \/>Mortes -10<\/p>\n<p style=\"text-align: justify;\">*BR 407 &#8211; Km 120 a 130 \u2013 Petrolina*<br \/>Acidentes Graves &#8211; 18<br \/>Total de Acidentes \u2013 20<br \/>Feridos &#8211; 20<br \/>Mortes &#8211; 3<\/p>\n\n\n<figure class=\"wp-block-image size-large\"><img loading=\"lazy\" decoding=\"async\" width=\"1024\" height=\"767\" src=\"http:\/\/blogdoedvaldomagalhaes.com.br\/wp-content\/uploads\/2019\/12\/IMG-20191220-WA0083-1024x767.jpg\" alt=\"\" class=\"wp-image-49910\" srcset=\"https:\/\/blogdoedvaldomagalhaes.com.br\/wp-content\/uploads\/2019\/12\/IMG-20191220-WA0083-1024x767.jpg 1024w, https:\/\/blogdoedvaldomagalhaes.com.br\/wp-content\/uploads\/2019\/12\/IMG-20191220-WA0083-300x225.jpg 300w, https:\/\/blogdoedvaldomagalhaes.com.br\/wp-content\/uploads\/2019\/12\/IMG-20191220-WA0083-768x575.jpg 768w, https:\/\/blogdoedvaldomagalhaes.com.br\/wp-content\/uploads\/2019\/12\/IMG-20191220-WA0083-160x120.jpg 160w, https:\/\/blogdoedvaldomagalhaes.com.br\/wp-content\/uploads\/2019\/12\/IMG-20191220-WA0083.jpg 1280w\" sizes=\"auto, (max-width: 1024px) 100vw, 1024px\" \/><\/figure>\n\n\n\n<figure class=\"wp-block-image size-large\"><img loading=\"lazy\" decoding=\"async\" width=\"1024\" height=\"767\" src=\"http:\/\/blogdoedvaldomagalhaes.com.br\/wp-content\/uploads\/2019\/12\/IMG-20191220-WA0084-1024x767.jpg\" alt=\"\" class=\"wp-image-49911\" srcset=\"https:\/\/blogdoedvaldomagalhaes.com.br\/wp-content\/uploads\/2019\/12\/IMG-20191220-WA0084-1024x767.jpg 1024w, https:\/\/blogdoedvaldomagalhaes.com.br\/wp-content\/uploads\/2019\/12\/IMG-20191220-WA0084-300x225.jpg 300w, https:\/\/blogdoedvaldomagalhaes.com.br\/wp-content\/uploads\/2019\/12\/IMG-20191220-WA0084-768x575.jpg 768w, https:\/\/blogdoedvaldomagalhaes.com.br\/wp-content\/uploads\/2019\/12\/IMG-20191220-WA0084-160x120.jpg 160w, https:\/\/blogdoedvaldomagalhaes.com.br\/wp-content\/uploads\/2019\/12\/IMG-20191220-WA0084.jpg 1280w\" sizes=\"auto, (max-width: 1024px) 100vw, 1024px\" \/><\/figure>\n\n\n\n<figure class=\"wp-block-image size-large\"><img loading=\"lazy\" decoding=\"async\" width=\"1024\" height=\"768\" src=\"http:\/\/blogdoedvaldomagalhaes.com.br\/wp-content\/uploads\/2019\/12\/IMG-20191220-WA0077-1024x768.jpg\" alt=\"\" class=\"wp-image-49912\" srcset=\"https:\/\/blogdoedvaldomagalhaes.com.br\/wp-content\/uploads\/2019\/12\/IMG-20191220-WA0077-1024x768.jpg 1024w, https:\/\/blogdoedvaldomagalhaes.com.br\/wp-content\/uploads\/2019\/12\/IMG-20191220-WA0077-300x225.jpg 300w, https:\/\/blogdoedvaldomagalhaes.com.br\/wp-content\/uploads\/2019\/12\/IMG-20191220-WA0077-768x576.jpg 768w, https:\/\/blogdoedvaldomagalhaes.com.br\/wp-content\/uploads\/2019\/12\/IMG-20191220-WA0077-160x120.jpg 160w, https:\/\/blogdoedvaldomagalhaes.com.br\/wp-content\/uploads\/2019\/12\/IMG-20191220-WA0077.jpg 1280w\" sizes=\"auto, (max-width: 1024px) 100vw, 1024px\" \/><\/figure>\n\n\n\n<figure class=\"wp-block-image size-large\"><img loading=\"lazy\" decoding=\"async\" width=\"1024\" height=\"576\" src=\"http:\/\/blogdoedvaldomagalhaes.com.br\/wp-content\/uploads\/2019\/12\/IMG-20191220-WA0078-1024x576.jpg\" alt=\"\" class=\"wp-image-49913\" srcset=\"https:\/\/blogdoedvaldomagalhaes.com.br\/wp-content\/uploads\/2019\/12\/IMG-20191220-WA0078-1024x576.jpg 1024w, https:\/\/blogdoedvaldomagalhaes.com.br\/wp-content\/uploads\/2019\/12\/IMG-20191220-WA0078-300x169.jpg 300w, https:\/\/blogdoedvaldomagalhaes.com.br\/wp-content\/uploads\/2019\/12\/IMG-20191220-WA0078-768x432.jpg 768w, https:\/\/blogdoedvaldomagalhaes.com.br\/wp-content\/uploads\/2019\/12\/IMG-20191220-WA0078-1140x641.jpg 1140w, https:\/\/blogdoedvaldomagalhaes.com.br\/wp-content\/uploads\/2019\/12\/IMG-20191220-WA0078-720x405.jpg 720w, https:\/\/blogdoedvaldomagalhaes.com.br\/wp-content\/uploads\/2019\/12\/IMG-20191220-WA0078.jpg 1280w\" sizes=\"auto, (max-width: 1024px) 100vw, 1024px\" \/><\/figure>\n\n\n\n<figure class=\"wp-block-image size-large\"><img loading=\"lazy\" decoding=\"async\" width=\"1024\" height=\"767\" src=\"http:\/\/blogdoedvaldomagalhaes.com.br\/wp-content\/uploads\/2019\/12\/IMG-20191220-WA0079-1024x767.jpg\" alt=\"\" class=\"wp-image-49914\" srcset=\"https:\/\/blogdoedvaldomagalhaes.com.br\/wp-content\/uploads\/2019\/12\/IMG-20191220-WA0079-1024x767.jpg 1024w, https:\/\/blogdoedvaldomagalhaes.com.br\/wp-content\/uploads\/2019\/12\/IMG-20191220-WA0079-300x225.jpg 300w, https:\/\/blogdoedvaldomagalhaes.com.br\/wp-content\/uploads\/2019\/12\/IMG-20191220-WA0079-768x575.jpg 768w, https:\/\/blogdoedvaldomagalhaes.com.br\/wp-content\/uploads\/2019\/12\/IMG-20191220-WA0079-160x120.jpg 160w, https:\/\/blogdoedvaldomagalhaes.com.br\/wp-content\/uploads\/2019\/12\/IMG-20191220-WA0079.jpg 1280w\" sizes=\"auto, (max-width: 1024px) 100vw, 1024px\" \/><\/figure>\n\n\n\n<figure class=\"wp-block-image size-large\"><img loading=\"lazy\" decoding=\"async\" width=\"1024\" height=\"768\" src=\"http:\/\/blogdoedvaldomagalhaes.com.br\/wp-content\/uploads\/2019\/12\/IMG-20191220-WA0080-1024x768.jpg\" alt=\"\" class=\"wp-image-49915\" srcset=\"https:\/\/blogdoedvaldomagalhaes.com.br\/wp-content\/uploads\/2019\/12\/IMG-20191220-WA0080-1024x768.jpg 1024w, https:\/\/blogdoedvaldomagalhaes.com.br\/wp-content\/uploads\/2019\/12\/IMG-20191220-WA0080-300x225.jpg 300w, https:\/\/blogdoedvaldomagalhaes.com.br\/wp-content\/uploads\/2019\/12\/IMG-20191220-WA0080-768x576.jpg 768w, https:\/\/blogdoedvaldomagalhaes.com.br\/wp-content\/uploads\/2019\/12\/IMG-20191220-WA0080-160x120.jpg 160w, https:\/\/blogdoedvaldomagalhaes.com.br\/wp-content\/uploads\/2019\/12\/IMG-20191220-WA0080.jpg 1280w\" sizes=\"auto, (max-width: 1024px) 100vw, 1024px\" \/><\/figure>\n\n\n\n<figure class=\"wp-block-image size-large\"><img loading=\"lazy\" decoding=\"async\" width=\"1024\" height=\"767\" src=\"http:\/\/blogdoedvaldomagalhaes.com.br\/wp-content\/uploads\/2019\/12\/IMG-20191220-WA0081-1024x767.jpg\" alt=\"\" class=\"wp-image-49916\" srcset=\"https:\/\/blogdoedvaldomagalhaes.com.br\/wp-content\/uploads\/2019\/12\/IMG-20191220-WA0081-1024x767.jpg 1024w, https:\/\/blogdoedvaldomagalhaes.com.br\/wp-content\/uploads\/2019\/12\/IMG-20191220-WA0081-300x225.jpg 300w, https:\/\/blogdoedvaldomagalhaes.com.br\/wp-content\/uploads\/2019\/12\/IMG-20191220-WA0081-768x575.jpg 768w, https:\/\/blogdoedvaldomagalhaes.com.br\/wp-content\/uploads\/2019\/12\/IMG-20191220-WA0081-160x120.jpg 160w, https:\/\/blogdoedvaldomagalhaes.com.br\/wp-content\/uploads\/2019\/12\/IMG-20191220-WA0081.jpg 1280w\" sizes=\"auto, (max-width: 1024px) 100vw, 1024px\" \/><figcaption>Informa\u00e7\u00f5es e fotos: PRF<\/figcaption><\/figure>\n","protected":false},"excerpt":{"rendered":"<p>A iniciativa \u00e9 uma das maiores a\u00e7\u00f5es integradas de fiscaliza\u00e7\u00e3o de tr\u00e2nsito do pa\u00eds. Ser\u00e1 lan\u00e7ada na pr\u00f3xima sexta-feira (20),&hellip;<\/p>\n","protected":false},"author":1,"featured_media":49909,"comment_status":"open","ping_status":"open","sticky":false,"template":"","format":"standard","meta":{"footnotes":""},"categories":[14121],"tags":[2,16910,2278,287],"class_list":["post-49908","post","type-post","status-publish","format-standard","has-post-thumbnail","hentry","category-policial","tag-blog-do-edvaldo-magalhaes","tag-operacao-rodovida-reforca-fiscalizacao-de-transito-em-pernambuco-a-partir-desta-sexta-20","tag-policia-rodoviaria-federal","tag-prf"],"_links":{"self":[{"href":"https:\/\/blogdoedvaldomagalhaes.com.br\/index.php\/wp-json\/wp\/v2\/posts\/49908","targetHints":{"allow":["GET"]}}],"collection":[{"href":"https:\/\/blogdoedvaldomagalhaes.com.br\/index.php\/wp-json\/wp\/v2\/posts"}],"about":[{"href":"https:\/\/blogdoedvaldomagalhaes.com.br\/index.php\/wp-json\/wp\/v2\/types\/post"}],"author":[{"embeddable":true,"href":"https:\/\/blogdoedvaldomagalhaes.com.br\/index.php\/wp-json\/wp\/v2\/users\/1"}],"replies":[{"embeddable":true,"href":"https:\/\/blogdoedvaldomagalhaes.com.br\/index.php\/wp-json\/wp\/v2\/comments?post=49908"}],"version-history":[{"count":1,"href":"https:\/\/blogdoedvaldomagalhaes.com.br\/index.php\/wp-json\/wp\/v2\/posts\/49908\/revisions"}],"predecessor-version":[{"id":49917,"href":"https:\/\/blogdoedvaldomagalhaes.com.br\/index.php\/wp-json\/wp\/v2\/posts\/49908\/revisions\/49917"}],"wp:featuredmedia":[{"embeddable":true,"href":"https:\/\/blogdoedvaldomagalhaes.com.br\/index.php\/wp-json\/wp\/v2\/media\/49909"}],"wp:attachment":[{"href":"https:\/\/blogdoedvaldomagalhaes.com.br\/index.php\/wp-json\/wp\/v2\/media?parent=49908"}],"wp:term":[{"taxonomy":"category","embeddable":true,"href":"https:\/\/blogdoedvaldomagalhaes.com.br\/index.php\/wp-json\/wp\/v2\/categories?post=49908"},{"taxonomy":"post_tag","embeddable":true,"href":"https:\/\/blogdoedvaldomagalhaes.com.br\/index.php\/wp-json\/wp\/v2\/tags?post=49908"}],"curies":[{"name":"wp","href":"https:\/\/api.w.org\/{rel}","templated":true}]}}