{"id":499,"date":"2018-12-06T20:27:00","date_gmt":"2018-12-06T22:27:00","guid":{"rendered":"http:\/\/blogdoedvaldomagalhaes.com.br\/index.php\/2018\/12\/06\/alerta-aos-idosos-e-deficientes-sobre\/"},"modified":"2019-02-09T02:44:50","modified_gmt":"2019-02-09T04:44:50","slug":"alerta-aos-idosos-e-deficientes-sobre","status":"publish","type":"post","link":"https:\/\/blogdoedvaldomagalhaes.com.br\/index.php\/2018\/12\/06\/alerta-aos-idosos-e-deficientes-sobre\/","title":{"rendered":"Alerta aos idosos e deficientes sobre fim do prazo para atualiza\u00e7\u00e3o do BPC"},"content":{"rendered":"<div class=\"separator\" style=\"clear: both; text-align: center;\">\n<a href=\"https:\/\/1.bp.blogspot.com\/-CpFjG63X-lI\/XAmFvVhg2BI\/AAAAAAAA_Ko\/Zgml56K1Fg0cyfqpIMoYOVNqKPMakrSMwCLcBGAs\/s1600\/pref.JPG\" imageanchor=\"1\" style=\"margin-left: 1em; margin-right: 1em;\"><img loading=\"lazy\" decoding=\"async\" border=\"0\" data-original-height=\"1065\" data-original-width=\"1600\" height=\"424\" src=\"http:\/\/blogdoedvaldomagalhaes.com.br\/wp-content\/uploads\/2018\/12\/pref.jpg\" width=\"640\" \/><\/a><\/div>\n<div class=\"separator\" style=\"clear: both; text-align: center;\">\nFoto: Jana\u00edna Pepeu\/Divulga\u00e7\u00e3o<\/div>\n<div style=\"text-align: justify;\">\n<\/div>\n<div style=\"text-align: justify;\">\nA Prefeitura de Caruaru, atrav\u00e9s da Secretaria de Desenvolvimento Social e Direitos Humanos (SDSDH), alerta que os idosos acima de 65 anos, que recebem o Benef\u00edcio de Presta\u00e7\u00e3o Continuada (BPC) \u2013 popularmente conhecido como LOAS &#8211; e foram convocados para fazerem parte do Cadastro \u00danico (Cad\u00danico) de Programas Sociais do Governo Federal, devem comparecer com urg\u00eancia ao CRAS mais pr\u00f3ximo da resid\u00eancia para fazer a inclus\u00e3o e\/ou atualiza\u00e7\u00e3o cadastral para continuarem a receber. O mesmo vale para o trabalhador rural idoso que nunca contribuiu com o INSS e pessoas com defici\u00eancia em qualquer idade, desde que se comprove a incapacidade laboral (impedimento para trabalhar) atrav\u00e9s de laudo m\u00e9dico do Instituto, e que tamb\u00e9m tenham sido convocados. Os idosos com idade acima de 80 anos ou aqueles impossibilitados de locomo\u00e7\u00e3o receber\u00e3o a visita do cadastrador.<\/div>\n<div style=\"text-align: justify;\">\n<\/div>\n<div style=\"text-align: justify;\">\nO prazo de cadastramento \u00e9 at\u00e9 o dia 31 de dezembro de 2018. Caso o benefici\u00e1rio n\u00e3o esteja no sistema at\u00e9 essa data, ser\u00e1 suspenso o benef\u00edcio a partir de janeiro de 2019. A Prefeitura de Caruaru, atrav\u00e9s da SDSDH, \u00e9 a respons\u00e1vel no munic\u00edpio, pelo cadastramento. A inclus\u00e3o no Cad\u00danico \u00e9 obrigat\u00f3ria para o benefici\u00e1rio continuar recebendo o BPC e pode ser feita tamb\u00e9m no Posto de Gest\u00e3o do Cadastro \u00danico, que em Caruaru, funciona no mesmo pr\u00e9dio do atendimento do Bolsa Fam\u00edlia, na Rua Armando da Fonte, Bairro Maur\u00edcio de Nassau (por tr\u00e1s do campo do Central). O atendimento \u00e9 de segunda \u00e0 sexta, das 07h \u00e0s 17h.<\/div>\n<div style=\"text-align: justify;\">\n<\/div>\n<div style=\"text-align: justify;\">\n<b>Crit\u00e9rios<\/b><\/div>\n<div style=\"text-align: justify;\">\n<\/div>\n<div style=\"text-align: justify;\">\nComo crit\u00e9rio, \u00e9 necess\u00e1rio ter renda de at\u00e9 3 sal\u00e1rios m\u00ednimos por fam\u00edlia ou meio sal\u00e1rio m\u00ednimo por pessoa. A inclus\u00e3o dos dados no Cad\u00danico pode ser feita pelo respons\u00e1vel da fam\u00edlia, que deve se cadastrar, assim como o benefici\u00e1rio e a sua fam\u00edlia, para o benef\u00edcio continuar a ser oferecido. Os documentos exigidos para o benefici\u00e1rio s\u00e3o: comprovante de resid\u00eancia; documento de identifica\u00e7\u00e3o (RG e CPF obrigat\u00f3rio); T\u00edtulo de Eleitor e Carteira de Trabalho (que n\u00e3o obrigat\u00f3rios, mas ajudam no cadastramento). Para o cadastramento dos demais membros da fam\u00edlia, o benefici\u00e1rio ter\u00e1 que ter em m\u00e3os: Certid\u00e3o de Nascimento (para crian\u00e7as ou rec\u00e9m-nascidos) e\/ou RG.<\/div>\n<div style=\"text-align: justify;\">\n<\/div>\n<div style=\"text-align: justify;\">\nAp\u00f3s a inclus\u00e3o do nome no Cad\u00danico \u00e9 que se pode fazer o cadastro no BPC. O respons\u00e1vel familiar tamb\u00e9m pode fazer o cadastro pelo benefici\u00e1rio. Para isso, \u00e9 necess\u00e1rio que ele tenha mais de 16 anos, more na mesma casa do benefici\u00e1rio e divida com ele as responsabilidades das despesas e renda. Em todos os casos, para ter acesso ao benef\u00edcio, a renda por pessoa da fam\u00edlia precisa ser de um quarto do Sal\u00e1rio M\u00ednimo, ou seja, de R$ 234,25. O respons\u00e1vel precisa procurar um Cras ou o posto do Cad\u00danico.e fornecer toda sua documenta\u00e7\u00e3o pessoal composta por: RG; CPF (obrigat\u00f3rio) e\/ou T\u00edtulo de Eleitor; Registro de Nascimento de filho (se tiver); comprovante de resid\u00eancia. Para os demais membros da fam\u00edlia, o benefici\u00e1rio precisa apresentar o CPF de todos eles, inclusive de rec\u00e9m-nascidos. Ap\u00f3s esse procedimento, o benefici\u00e1rio ir\u00e1 receber do atendente a Folha Resumo (c\u00f3pia do cadastro), que ele ter\u00e1 que levar para o INSS para a aprova\u00e7\u00e3o e acompanhar o andamento do processo atrav\u00e9s do site www.requerimento.inss.gov.br .<\/div>\n<div style=\"text-align: justify;\">\n<\/div>\n<div style=\"text-align: justify;\">\n<b>Mais sobre o BPC<\/b><\/div>\n<div style=\"text-align: justify;\">\n<\/div>\n<div style=\"text-align: justify;\">\nPor se tratar de um benef\u00edcio assistencial, o benefici\u00e1rio n\u00e3o precisa ter contribu\u00eddo com INSS para ter direito a ele. No entanto \u00e9 um benef\u00edcio que n\u00e3o paga 13\u00ba sal\u00e1rio e n\u00e3o deixa pens\u00e3o por morte. As pessoas com defici\u00eancia tamb\u00e9m precisam passar por avalia\u00e7\u00e3o m\u00e9dica e social realizadas por profissionais do Instituto Nacional do Seguro Social (INSS).<\/div>\n<div style=\"text-align: justify;\">\n<\/div>\n<div style=\"text-align: justify;\">\nA gest\u00e3o do BPC \u00e9 feita pelo Minist\u00e9rio do Desenvolvimento Social (MDS), por meio da Secretaria Nacional de Assist\u00eancia Social (SNAS), que \u00e9 respons\u00e1vel pela implementa\u00e7\u00e3o, coordena\u00e7\u00e3o, regula\u00e7\u00e3o, financiamento, monitoramento e avalia\u00e7\u00e3o do benef\u00edcio. A operacionaliza\u00e7\u00e3o \u00e9 realizada pelo INSS.<\/div>\n<div style=\"text-align: justify;\">\n<\/div>\n<div style=\"text-align: justify;\">\nO benefici\u00e1rio do BPC tamb\u00e9m recebe descontos nas tarifas de energia el\u00e9trica, pela Tarifa Social de Energia. Para tanto, precisa estar inserido no Cadastro \u00danico para programas sociais do Governo Federal.&nbsp;<\/div>\n<div style=\"text-align: justify;\">\n<\/div>\n<div style=\"text-align: justify;\">\nInforma\u00e7\u00f5es de Michelle Veloso\/Assessora de Imprensa.<\/p>\n<\/div>\n<div style=\"text-align: justify;\">\n<\/div>\n<div style=\"text-align: justify;\">\n<\/div>\n","protected":false},"excerpt":{"rendered":"<p>Foto: Jana\u00edna Pepeu\/Divulga\u00e7\u00e3o A Prefeitura de Caruaru, atrav\u00e9s da Secretaria de Desenvolvimento Social e Direitos Humanos (SDSDH), alerta que os&hellip;<\/p>\n","protected":false},"author":1,"featured_media":0,"comment_status":"open","ping_status":"open","sticky":false,"template":"","format":"standard","meta":{"footnotes":""},"categories":[1],"tags":[409,2,6],"class_list":["post-499","post","type-post","status-publish","format-standard","hentry","category-sem-categoria","tag-alerta-aos-idosos-e-deficientes-sobre-fim-do-prazo-para-atualizacao-do-bpc","tag-blog-do-edvaldo-magalhaes","tag-noticias"],"_links":{"self":[{"href":"https:\/\/blogdoedvaldomagalhaes.com.br\/index.php\/wp-json\/wp\/v2\/posts\/499","targetHints":{"allow":["GET"]}}],"collection":[{"href":"https:\/\/blogdoedvaldomagalhaes.com.br\/index.php\/wp-json\/wp\/v2\/posts"}],"about":[{"href":"https:\/\/blogdoedvaldomagalhaes.com.br\/index.php\/wp-json\/wp\/v2\/types\/post"}],"author":[{"embeddable":true,"href":"https:\/\/blogdoedvaldomagalhaes.com.br\/index.php\/wp-json\/wp\/v2\/users\/1"}],"replies":[{"embeddable":true,"href":"https:\/\/blogdoedvaldomagalhaes.com.br\/index.php\/wp-json\/wp\/v2\/comments?post=499"}],"version-history":[{"count":1,"href":"https:\/\/blogdoedvaldomagalhaes.com.br\/index.php\/wp-json\/wp\/v2\/posts\/499\/revisions"}],"predecessor-version":[{"id":36558,"href":"https:\/\/blogdoedvaldomagalhaes.com.br\/index.php\/wp-json\/wp\/v2\/posts\/499\/revisions\/36558"}],"wp:attachment":[{"href":"https:\/\/blogdoedvaldomagalhaes.com.br\/index.php\/wp-json\/wp\/v2\/media?parent=499"}],"wp:term":[{"taxonomy":"category","embeddable":true,"href":"https:\/\/blogdoedvaldomagalhaes.com.br\/index.php\/wp-json\/wp\/v2\/categories?post=499"},{"taxonomy":"post_tag","embeddable":true,"href":"https:\/\/blogdoedvaldomagalhaes.com.br\/index.php\/wp-json\/wp\/v2\/tags?post=499"}],"curies":[{"name":"wp","href":"https:\/\/api.w.org\/{rel}","templated":true}]}}