{"id":49889,"date":"2019-12-19T22:08:02","date_gmt":"2019-12-20T01:08:02","guid":{"rendered":"http:\/\/blogdoedvaldomagalhaes.com.br\/?p=49889"},"modified":"2019-12-19T22:50:06","modified_gmt":"2019-12-20T01:50:06","slug":"sargento-florencio-e-assassinado-em-riacho-das-almas","status":"publish","type":"post","link":"https:\/\/blogdoedvaldomagalhaes.com.br\/index.php\/2019\/12\/19\/sargento-florencio-e-assassinado-em-riacho-das-almas\/","title":{"rendered":"Sargento Flor\u00eancio \u00e9 assassinado em Riacho das Almas"},"content":{"rendered":"<p style=\"text-align: justify;\">O Sargento reformado Jos\u00e9 Edinaldo de Lima Flor\u00eancio, conhecido como Sargento Flor\u00eancio, de 57 anos, foi assassinado no in\u00edcio da noite desta quinta-feira (19), em Riacho das Almas. Segundo informa\u00e7\u00f5es, a v\u00edtima estava bebendo em um posto de combust\u00edvel, quando os algozes chegaram em um carro, efetuaram os disparos de arma de fogo e fugiram sem ser identificados.<\/p>\n<p style=\"text-align: justify;\">O ex-militar foi um dos alvos da Opera\u00e7\u00e3o Aveloz, sendo exclu\u00eddo da Pol\u00edcia Militar. Ao lado um rev\u00f3lver calibre 38 e muni\u00e7\u00f5es intactas. Um cidad\u00e3o tamb\u00e9m foi baleado, socorrido para o hospital da cidade e transferido para o Hospital Regional do Agreste (HRA). Desconhecidos em um carro praticaram o crime.<\/p>\n\n","protected":false},"excerpt":{"rendered":"<p>O Sargento reformado Jos\u00e9 Edinaldo de Lima Flor\u00eancio, conhecido como Sargento Flor\u00eancio, de 57 anos, foi assassinado no in\u00edcio da&hellip;<\/p>\n","protected":false},"author":1,"featured_media":49890,"comment_status":"open","ping_status":"open","sticky":false,"template":"","format":"standard","meta":{"footnotes":""},"categories":[14121],"tags":[2,16906],"class_list":["post-49889","post","type-post","status-publish","format-standard","has-post-thumbnail","hentry","category-policial","tag-blog-do-edvaldo-magalhaes","tag-sargento-florencio-e-assassinado-em-riacho-das-almas"],"_links":{"self":[{"href":"https:\/\/blogdoedvaldomagalhaes.com.br\/index.php\/wp-json\/wp\/v2\/posts\/49889","targetHints":{"allow":["GET"]}}],"collection":[{"href":"https:\/\/blogdoedvaldomagalhaes.com.br\/index.php\/wp-json\/wp\/v2\/posts"}],"about":[{"href":"https:\/\/blogdoedvaldomagalhaes.com.br\/index.php\/wp-json\/wp\/v2\/types\/post"}],"author":[{"embeddable":true,"href":"https:\/\/blogdoedvaldomagalhaes.com.br\/index.php\/wp-json\/wp\/v2\/users\/1"}],"replies":[{"embeddable":true,"href":"https:\/\/blogdoedvaldomagalhaes.com.br\/index.php\/wp-json\/wp\/v2\/comments?post=49889"}],"version-history":[{"count":3,"href":"https:\/\/blogdoedvaldomagalhaes.com.br\/index.php\/wp-json\/wp\/v2\/posts\/49889\/revisions"}],"predecessor-version":[{"id":49893,"href":"https:\/\/blogdoedvaldomagalhaes.com.br\/index.php\/wp-json\/wp\/v2\/posts\/49889\/revisions\/49893"}],"wp:featuredmedia":[{"embeddable":true,"href":"https:\/\/blogdoedvaldomagalhaes.com.br\/index.php\/wp-json\/wp\/v2\/media\/49890"}],"wp:attachment":[{"href":"https:\/\/blogdoedvaldomagalhaes.com.br\/index.php\/wp-json\/wp\/v2\/media?parent=49889"}],"wp:term":[{"taxonomy":"category","embeddable":true,"href":"https:\/\/blogdoedvaldomagalhaes.com.br\/index.php\/wp-json\/wp\/v2\/categories?post=49889"},{"taxonomy":"post_tag","embeddable":true,"href":"https:\/\/blogdoedvaldomagalhaes.com.br\/index.php\/wp-json\/wp\/v2\/tags?post=49889"}],"curies":[{"name":"wp","href":"https:\/\/api.w.org\/{rel}","templated":true}]}}