{"id":49884,"date":"2019-12-19T21:12:13","date_gmt":"2019-12-20T00:12:13","guid":{"rendered":"http:\/\/blogdoedvaldomagalhaes.com.br\/?p=49884"},"modified":"2019-12-19T21:12:18","modified_gmt":"2019-12-20T00:12:18","slug":"rede-eletrica-do-parque-18-de-maio-em-caruaru-e-vistoriada","status":"publish","type":"post","link":"https:\/\/blogdoedvaldomagalhaes.com.br\/index.php\/2019\/12\/19\/rede-eletrica-do-parque-18-de-maio-em-caruaru-e-vistoriada\/","title":{"rendered":"Rede el\u00e9trica do Parque 18 de Maio em Caruaru \u00e9 vistoriada"},"content":{"rendered":"<p style=\"text-align: justify;\"><span style=\"font-size: inherit;\">Representantes da Secretaria de Servi\u00e7os P\u00fablicos, Unidade de Gest\u00e3o da Feira e Celpe, estiveram na tarde desta quinta-feira (19), no parque 18 de Maio, realizando uma vistoria t\u00e9cnica na parte el\u00e9trica do local.<\/span><\/p>\n<p style=\"text-align: justify;\">Est\u00e1 parceria entre o munic\u00edpio e a CELPE vai proporcionar as feiras localizadas em toda extens\u00e3o do parque 18 de Maio, melhorias e a renova\u00e7\u00e3o nas instala\u00e7\u00f5es el\u00e9tricas.<\/p>\n<p style=\"text-align: justify;\">No pr\u00f3ximo ano, o setor da Brasilit ser\u00e1 contemplado com o projeto. A ideia \u00e9 substituir a fia\u00e7\u00e3o e realizar trocas e instala\u00e7\u00f5es de novos postes.<\/p>\n<p style=\"text-align: justify;\">Assim como nas outras visitas, v\u00e1rias gambiarras que foram identificadas e ser\u00e3o retiradas com o in\u00edcio dos trabalhos.<\/p>\n<p style=\"text-align: justify;\">Para garantir a execu\u00e7\u00e3o do projeto, ser\u00e1 necess\u00e1rio o recuo de algumas telhas e cobertas que foram instaladas pelos feirantes, que impossibilitam o trabalho das equipes de manuten\u00e7\u00e3o, por isso a Secretaria de Servi\u00e7os P\u00fablicos dar\u00e1 um prazo para que sejam retiradas de acordo com as recomenda\u00e7\u00f5es de seguran\u00e7a e solicita\u00e7\u00e3o da CELPE.<\/p>\n<p style=\"text-align: justify;\">O projeto no setor da Brasilt deve ser iniciado no in\u00edcio do pr\u00f3ximo ano, e garantir\u00e1 mais seguran\u00e7a e menos riscos para os feirantes e compradores.<\/p>\n\n\n<figure class=\"wp-block-image size-large\"><img loading=\"lazy\" decoding=\"async\" width=\"1024\" height=\"599\" src=\"http:\/\/blogdoedvaldomagalhaes.com.br\/wp-content\/uploads\/2019\/12\/IMG-20191219-WA0390-1024x599.jpg\" alt=\"\" class=\"wp-image-49886\" srcset=\"https:\/\/blogdoedvaldomagalhaes.com.br\/wp-content\/uploads\/2019\/12\/IMG-20191219-WA0390-1024x599.jpg 1024w, https:\/\/blogdoedvaldomagalhaes.com.br\/wp-content\/uploads\/2019\/12\/IMG-20191219-WA0390-300x176.jpg 300w, https:\/\/blogdoedvaldomagalhaes.com.br\/wp-content\/uploads\/2019\/12\/IMG-20191219-WA0390-768x449.jpg 768w, https:\/\/blogdoedvaldomagalhaes.com.br\/wp-content\/uploads\/2019\/12\/IMG-20191219-WA0390.jpg 1280w\" sizes=\"auto, (max-width: 1024px) 100vw, 1024px\" \/><\/figure>\n\n\n\n<figure class=\"wp-block-image size-large\"><img loading=\"lazy\" decoding=\"async\" width=\"576\" height=\"1024\" src=\"http:\/\/blogdoedvaldomagalhaes.com.br\/wp-content\/uploads\/2019\/12\/IMG-20191219-WA0392-576x1024.jpg\" alt=\"\" class=\"wp-image-49887\" srcset=\"https:\/\/blogdoedvaldomagalhaes.com.br\/wp-content\/uploads\/2019\/12\/IMG-20191219-WA0392-576x1024.jpg 576w, https:\/\/blogdoedvaldomagalhaes.com.br\/wp-content\/uploads\/2019\/12\/IMG-20191219-WA0392-169x300.jpg 169w, https:\/\/blogdoedvaldomagalhaes.com.br\/wp-content\/uploads\/2019\/12\/IMG-20191219-WA0392.jpg 720w\" sizes=\"auto, (max-width: 576px) 100vw, 576px\" \/><\/figure>\n","protected":false},"excerpt":{"rendered":"<p>Representantes da Secretaria de Servi\u00e7os P\u00fablicos, Unidade de Gest\u00e3o da Feira e Celpe, estiveram na tarde desta quinta-feira (19), no&hellip;<\/p>\n","protected":false},"author":1,"featured_media":49885,"comment_status":"open","ping_status":"open","sticky":false,"template":"","format":"standard","meta":{"footnotes":""},"categories":[14120],"tags":[2,16881,16905],"class_list":["post-49884","post","type-post","status-publish","format-standard","has-post-thumbnail","hentry","category-noticias","tag-blog-do-edvaldo-magalhaes","tag-caruaru-e-regiao","tag-rede-eletrica-do-parque-18-de-maio-em-caruaru-e-vistoriada"],"_links":{"self":[{"href":"https:\/\/blogdoedvaldomagalhaes.com.br\/index.php\/wp-json\/wp\/v2\/posts\/49884","targetHints":{"allow":["GET"]}}],"collection":[{"href":"https:\/\/blogdoedvaldomagalhaes.com.br\/index.php\/wp-json\/wp\/v2\/posts"}],"about":[{"href":"https:\/\/blogdoedvaldomagalhaes.com.br\/index.php\/wp-json\/wp\/v2\/types\/post"}],"author":[{"embeddable":true,"href":"https:\/\/blogdoedvaldomagalhaes.com.br\/index.php\/wp-json\/wp\/v2\/users\/1"}],"replies":[{"embeddable":true,"href":"https:\/\/blogdoedvaldomagalhaes.com.br\/index.php\/wp-json\/wp\/v2\/comments?post=49884"}],"version-history":[{"count":1,"href":"https:\/\/blogdoedvaldomagalhaes.com.br\/index.php\/wp-json\/wp\/v2\/posts\/49884\/revisions"}],"predecessor-version":[{"id":49888,"href":"https:\/\/blogdoedvaldomagalhaes.com.br\/index.php\/wp-json\/wp\/v2\/posts\/49884\/revisions\/49888"}],"wp:featuredmedia":[{"embeddable":true,"href":"https:\/\/blogdoedvaldomagalhaes.com.br\/index.php\/wp-json\/wp\/v2\/media\/49885"}],"wp:attachment":[{"href":"https:\/\/blogdoedvaldomagalhaes.com.br\/index.php\/wp-json\/wp\/v2\/media?parent=49884"}],"wp:term":[{"taxonomy":"category","embeddable":true,"href":"https:\/\/blogdoedvaldomagalhaes.com.br\/index.php\/wp-json\/wp\/v2\/categories?post=49884"},{"taxonomy":"post_tag","embeddable":true,"href":"https:\/\/blogdoedvaldomagalhaes.com.br\/index.php\/wp-json\/wp\/v2\/tags?post=49884"}],"curies":[{"name":"wp","href":"https:\/\/api.w.org\/{rel}","templated":true}]}}