{"id":49873,"date":"2019-12-19T19:39:40","date_gmt":"2019-12-19T22:39:40","guid":{"rendered":"http:\/\/blogdoedvaldomagalhaes.com.br\/?p=49873"},"modified":"2019-12-19T22:36:45","modified_gmt":"2019-12-20T01:36:45","slug":"morre-em-recife-o-artista-plastico-francisco-brennand","status":"publish","type":"post","link":"https:\/\/blogdoedvaldomagalhaes.com.br\/index.php\/2019\/12\/19\/morre-em-recife-o-artista-plastico-francisco-brennand\/","title":{"rendered":"Morre em Recife, o artista pl\u00e1stico Francisco Brennand"},"content":{"rendered":"<p style=\"text-align: justify;\">O artista pl\u00e1stico Francisco Brennand, de 92 anos, morreu na manh\u00e3 desta quinta-feira (19), no Recife. Ele estava internado np Hospital Real Portugu\u00eas, h\u00e1 dez dias, devido uma pneumonia. O corpo est\u00e1 sendo velado na Capela Imaculada Concei\u00e7\u00e3o, na Oficina de Cer\u00e2mica Francisco Brennand, no bairro da V\u00e1rzea.<\/p>\n<p style=\"text-align: justify;\">Em 1942, Francisco de Paula Coimbra de Almeida Brennand iniciava sua forma\u00e7\u00e3o art\u00edstica, aprendendo a modelar. Pintor, ceramista, escultor, desenhista, tapeceiro, ilustrador e gravador, em 1971 transformou sua velha olaria em ateli\u00ea, onde s\u00e3o expostos objetos cer\u00e2micos, pain\u00e9is e esculturas.<\/p>\n","protected":false},"excerpt":{"rendered":"<p>O artista pl\u00e1stico Francisco Brennand, de 92 anos, morreu na manh\u00e3 desta quinta-feira (19), no Recife. Ele estava internado np&hellip;<\/p>\n","protected":false},"author":1,"featured_media":49874,"comment_status":"open","ping_status":"open","sticky":false,"template":"","format":"standard","meta":{"footnotes":""},"categories":[14120],"tags":[16903,16902,6],"class_list":["post-49873","post","type-post","status-publish","format-standard","has-post-thumbnail","hentry","category-noticias","tag-artista-plastico-francisco-brennand","tag-morre-em-recife","tag-noticias"],"_links":{"self":[{"href":"https:\/\/blogdoedvaldomagalhaes.com.br\/index.php\/wp-json\/wp\/v2\/posts\/49873","targetHints":{"allow":["GET"]}}],"collection":[{"href":"https:\/\/blogdoedvaldomagalhaes.com.br\/index.php\/wp-json\/wp\/v2\/posts"}],"about":[{"href":"https:\/\/blogdoedvaldomagalhaes.com.br\/index.php\/wp-json\/wp\/v2\/types\/post"}],"author":[{"embeddable":true,"href":"https:\/\/blogdoedvaldomagalhaes.com.br\/index.php\/wp-json\/wp\/v2\/users\/1"}],"replies":[{"embeddable":true,"href":"https:\/\/blogdoedvaldomagalhaes.com.br\/index.php\/wp-json\/wp\/v2\/comments?post=49873"}],"version-history":[{"count":1,"href":"https:\/\/blogdoedvaldomagalhaes.com.br\/index.php\/wp-json\/wp\/v2\/posts\/49873\/revisions"}],"predecessor-version":[{"id":49875,"href":"https:\/\/blogdoedvaldomagalhaes.com.br\/index.php\/wp-json\/wp\/v2\/posts\/49873\/revisions\/49875"}],"wp:featuredmedia":[{"embeddable":true,"href":"https:\/\/blogdoedvaldomagalhaes.com.br\/index.php\/wp-json\/wp\/v2\/media\/49874"}],"wp:attachment":[{"href":"https:\/\/blogdoedvaldomagalhaes.com.br\/index.php\/wp-json\/wp\/v2\/media?parent=49873"}],"wp:term":[{"taxonomy":"category","embeddable":true,"href":"https:\/\/blogdoedvaldomagalhaes.com.br\/index.php\/wp-json\/wp\/v2\/categories?post=49873"},{"taxonomy":"post_tag","embeddable":true,"href":"https:\/\/blogdoedvaldomagalhaes.com.br\/index.php\/wp-json\/wp\/v2\/tags?post=49873"}],"curies":[{"name":"wp","href":"https:\/\/api.w.org\/{rel}","templated":true}]}}