{"id":49863,"date":"2019-12-19T11:22:34","date_gmt":"2019-12-19T14:22:34","guid":{"rendered":"http:\/\/blogdoedvaldomagalhaes.com.br\/?p=49863"},"modified":"2019-12-19T11:29:02","modified_gmt":"2019-12-19T14:29:02","slug":"confira-o-resultado-da-pesquisa-para-prefeito-de-caruaru-realizada-pela-asces-unita","status":"publish","type":"post","link":"https:\/\/blogdoedvaldomagalhaes.com.br\/index.php\/2019\/12\/19\/confira-o-resultado-da-pesquisa-para-prefeito-de-caruaru-realizada-pela-asces-unita\/","title":{"rendered":"Confira o resultado da pesquisa para Prefeito de Caruaru realizada pela Asces-Unita"},"content":{"rendered":"<p style=\"text-align: justify;\">O Centro Universit\u00e1rio Tabosa de Almeida (Asces-Unita) divulgou, nesta quinta-feira (19), a primeira pesquisa eleitoral produzida pelo Laborat\u00f3rio de Pol\u00edticas P\u00fablicas Municipais, visando as elei\u00e7\u00f5es de 2020. Foram realizadas 600 entrevistas nos dias 11 e 12 de dezembro, com margem de erro de quatro pontos para mais ou para menos. O intervalo de confian\u00e7a \u00e9 de 95%.<\/p>\n<p style=\"text-align: justify;\">Al\u00e9m das inten\u00e7\u00f5es de voto, itens como avalia\u00e7\u00f5es administrativas, clima pol\u00edtico e principais problemas da cidade passaram por an\u00e1lise.&nbsp; O universo da pesquisa foi definido a partir dos eleitores do munic\u00edpio de Caruaru com 16 anos ou mais.<\/p>\n<p style=\"text-align: justify;\">De acordo com o levantamento, a prefeita Raquel Lyra aparece com 31%; Tony Gel com 20,3%; Z\u00e9 Queiroz 14,2%; e Delegado Lessa com 11,3%. Tamb\u00e9m apareceram na pesquisa Raffi\u00ea Dellon, Manoel Santos e Fernando Rodolfo.<\/p>\n\n\n<figure class=\"wp-block-image size-large\"><img loading=\"lazy\" decoding=\"async\" width=\"632\" height=\"367\" src=\"http:\/\/blogdoedvaldomagalhaes.com.br\/wp-content\/uploads\/2019\/12\/Sem-t\u00edtulo.png\" alt=\"\" class=\"wp-image-49867\" srcset=\"https:\/\/blogdoedvaldomagalhaes.com.br\/wp-content\/uploads\/2019\/12\/Sem-t\u00edtulo.png 632w, https:\/\/blogdoedvaldomagalhaes.com.br\/wp-content\/uploads\/2019\/12\/Sem-t\u00edtulo-300x174.png 300w\" sizes=\"auto, (max-width: 632px) 100vw, 632px\" \/><\/figure>\n","protected":false},"excerpt":{"rendered":"<p>O Centro Universit\u00e1rio Tabosa de Almeida (Asces-Unita) divulgou, nesta quinta-feira (19), a primeira pesquisa eleitoral produzida pelo Laborat\u00f3rio de Pol\u00edticas&hellip;<\/p>\n","protected":false},"author":1,"featured_media":49864,"comment_status":"open","ping_status":"open","sticky":false,"template":"","format":"standard","meta":{"footnotes":""},"categories":[14122],"tags":[2,16901,16900,9402,1229],"class_list":["post-49863","post","type-post","status-publish","format-standard","has-post-thumbnail","hentry","category-politica","tag-blog-do-edvaldo-magalhaes","tag-caruru-e-regiao","tag-confira-o-resultado-da-pesquisa-para-prefeito-de-caruaru-realizada-pela-asces-unita","tag-erick-lessa","tag-raquel-lyra"],"_links":{"self":[{"href":"https:\/\/blogdoedvaldomagalhaes.com.br\/index.php\/wp-json\/wp\/v2\/posts\/49863","targetHints":{"allow":["GET"]}}],"collection":[{"href":"https:\/\/blogdoedvaldomagalhaes.com.br\/index.php\/wp-json\/wp\/v2\/posts"}],"about":[{"href":"https:\/\/blogdoedvaldomagalhaes.com.br\/index.php\/wp-json\/wp\/v2\/types\/post"}],"author":[{"embeddable":true,"href":"https:\/\/blogdoedvaldomagalhaes.com.br\/index.php\/wp-json\/wp\/v2\/users\/1"}],"replies":[{"embeddable":true,"href":"https:\/\/blogdoedvaldomagalhaes.com.br\/index.php\/wp-json\/wp\/v2\/comments?post=49863"}],"version-history":[{"count":4,"href":"https:\/\/blogdoedvaldomagalhaes.com.br\/index.php\/wp-json\/wp\/v2\/posts\/49863\/revisions"}],"predecessor-version":[{"id":49869,"href":"https:\/\/blogdoedvaldomagalhaes.com.br\/index.php\/wp-json\/wp\/v2\/posts\/49863\/revisions\/49869"}],"wp:featuredmedia":[{"embeddable":true,"href":"https:\/\/blogdoedvaldomagalhaes.com.br\/index.php\/wp-json\/wp\/v2\/media\/49864"}],"wp:attachment":[{"href":"https:\/\/blogdoedvaldomagalhaes.com.br\/index.php\/wp-json\/wp\/v2\/media?parent=49863"}],"wp:term":[{"taxonomy":"category","embeddable":true,"href":"https:\/\/blogdoedvaldomagalhaes.com.br\/index.php\/wp-json\/wp\/v2\/categories?post=49863"},{"taxonomy":"post_tag","embeddable":true,"href":"https:\/\/blogdoedvaldomagalhaes.com.br\/index.php\/wp-json\/wp\/v2\/tags?post=49863"}],"curies":[{"name":"wp","href":"https:\/\/api.w.org\/{rel}","templated":true}]}}