{"id":49837,"date":"2019-12-18T20:46:35","date_gmt":"2019-12-18T23:46:35","guid":{"rendered":"http:\/\/blogdoedvaldomagalhaes.com.br\/?p=49837"},"modified":"2019-12-18T20:46:38","modified_gmt":"2019-12-18T23:46:38","slug":"coletivo-turismo-circula-com-onibus-do-natal-iluminado","status":"publish","type":"post","link":"https:\/\/blogdoedvaldomagalhaes.com.br\/index.php\/2019\/12\/18\/coletivo-turismo-circula-com-onibus-do-natal-iluminado\/","title":{"rendered":"Coletivo Turismo circula com \u00d4nibus do Natal Iluminado"},"content":{"rendered":"<p style=\"text-align: justify;\">A empresa de \u00f4nibus Coletivo est\u00e1 reeditando o \u00d4nibus do Natal Iluminado para abrilhantar o transporte coletivo dos clientes urbanos, atrav\u00e9s da express\u00e3o destes ve\u00edculos caracterizados e repletos de muita ilumina\u00e7\u00e3o e objetos decorativos externos e internos, al\u00e9m da alegria contagiante dos colaboradores que contribuem com personagens desta \u00e9poca (Neide, Wesley e Rog\u00e9rio-motoristas e M\u00f4nica e Walderice-cobradoras) fazendo a diferen\u00e7a no atendimento di\u00e1rio que seguir\u00e1 em cada linha urbana e intermunicipal at\u00e9 o pr\u00f3ximo dia 06 de janeiro de 2020.<\/p>\n<p style=\"text-align: justify;\">Nesta edi\u00e7\u00e3o 2019\/2020, est\u00e3o sendo atingidos tamb\u00e9m os clientes de todas as linhas intermunicipais que a Coletivo atende. Confira a programa\u00e7\u00e3o di\u00e1ria abaixo.<\/p>\n<p style=\"text-align: justify;\">DATA DIA LINHA URBANA<br \/>18\/dez quarta 136 &#8211; Vila Padre In\u00e1cio<br \/>19\/dez quinta 135 &#8211; Res. Luiz Bezerra Torres<br \/>20\/dez sexta 141 &#8211; Vila Andorinha\/Res. Xique Xique<br \/>21\/dez s\u00e1bado 142 &#8211; Maria Auxiliadora<br \/>22\/dez domingo 163 &#8211; Nina Liberato\/Estrada de Mani\u00e7oba<br \/>23\/dez segunda 101 &#8211; Vila Kennedy<br \/>24\/dez ter\u00e7a 309 &#8211; Rendeiras\/Ceaca<br \/>25\/dez quarta 150 &#8211; Murici<br \/>26\/dez quinta 153 &#8211; Peladas<br \/>27\/dez sexta 161 &#8211; Lajedo do Cedro<br \/>28\/dez s\u00e1bado 114 &#8211; Jardim Panorama<br \/>29\/dez domingo 148 &#8211; Nina Liberato via Alto do Moura<br \/>30\/dez segunda 134 &#8211; Residencial Alto do Moura<br \/>31\/dez ter\u00e7a 136 &#8211; Vila Padre In\u00e1cio<br \/>01\/jan quarta 135 &#8211; Res. Luiz Bezerra Torres<br \/>02\/jan quinta 141 &#8211; Vila Andorinha\/Res. Xique Xique<br \/>03\/jan sexta 142 &#8211; Maria Auxiliadora<br \/>04\/jan s\u00e1bado 163 &#8211; Nina Liberato\/Estrada de Mani\u00e7oba<br \/>05\/jan domingo 101 &#8211; Vila Kennedy<br \/>06\/jan segunda 309 &#8211; Rendeiras\/Ceaca<\/p>\n<p style=\"text-align: justify;\">DATA DIA LINHA INTERMUNICIPAL<br \/>17\/dez ter\u00e7a Palmares<br \/>18\/dez quarta Altinho<br \/>19\/dez quinta S\u00e3o Joaquim do Monte<br \/>20\/dez sexta Ibirajuba<br \/>21\/dez s\u00e1bado Palmares<br \/>22\/dez domingo Altinho<br \/>23\/dez segunda S\u00e3o Joaquim do Monte<br \/>24\/dez ter\u00e7a Palmares<br \/>25\/dez quarta Altinho<br \/>26\/dez quinta Riacho<br \/>27\/dez sexta S\u00e3o Joaquim do Monte<br \/>28\/dez s\u00e1bado Palmares<br \/>29\/dez domingo Altinho<br \/>30\/dez segunda Palmares<br \/>31\/dez ter\u00e7a Altinho<br \/>01\/jan quarta Palmares<br \/>02\/jan quinta S\u00e3o Joaquim do Monte<br \/>03\/jan sexta Ibirajuba<br \/>04\/jan s\u00e1bado Riacho<br \/>05\/jan domingo Altinho<br \/>06\/jan segunda Palmares<\/p>\n\n\n<figure class=\"wp-block-image size-large\"><img loading=\"lazy\" decoding=\"async\" width=\"1024\" height=\"685\" src=\"http:\/\/blogdoedvaldomagalhaes.com.br\/wp-content\/uploads\/2019\/12\/IMG-20191218-WA0385-1024x685.jpg\" alt=\"\" class=\"wp-image-49839\" srcset=\"https:\/\/blogdoedvaldomagalhaes.com.br\/wp-content\/uploads\/2019\/12\/IMG-20191218-WA0385-1024x685.jpg 1024w, https:\/\/blogdoedvaldomagalhaes.com.br\/wp-content\/uploads\/2019\/12\/IMG-20191218-WA0385-300x201.jpg 300w, https:\/\/blogdoedvaldomagalhaes.com.br\/wp-content\/uploads\/2019\/12\/IMG-20191218-WA0385-768x514.jpg 768w, https:\/\/blogdoedvaldomagalhaes.com.br\/wp-content\/uploads\/2019\/12\/IMG-20191218-WA0385.jpg 1280w\" sizes=\"auto, (max-width: 1024px) 100vw, 1024px\" \/><\/figure>\n\n\n\n<figure class=\"wp-block-image size-large\"><img loading=\"lazy\" decoding=\"async\" width=\"1024\" height=\"677\" src=\"http:\/\/blogdoedvaldomagalhaes.com.br\/wp-content\/uploads\/2019\/12\/IMG-20191218-WA0378-1024x677.jpg\" alt=\"\" class=\"wp-image-49840\" srcset=\"https:\/\/blogdoedvaldomagalhaes.com.br\/wp-content\/uploads\/2019\/12\/IMG-20191218-WA0378-1024x677.jpg 1024w, https:\/\/blogdoedvaldomagalhaes.com.br\/wp-content\/uploads\/2019\/12\/IMG-20191218-WA0378-300x198.jpg 300w, https:\/\/blogdoedvaldomagalhaes.com.br\/wp-content\/uploads\/2019\/12\/IMG-20191218-WA0378-768x508.jpg 768w, https:\/\/blogdoedvaldomagalhaes.com.br\/wp-content\/uploads\/2019\/12\/IMG-20191218-WA0378.jpg 1280w\" sizes=\"auto, (max-width: 1024px) 100vw, 1024px\" \/><\/figure>\n\n\n\n<figure class=\"wp-block-image size-large\"><img loading=\"lazy\" decoding=\"async\" width=\"1024\" height=\"768\" src=\"http:\/\/blogdoedvaldomagalhaes.com.br\/wp-content\/uploads\/2019\/12\/IMG-20191218-WA0379-1024x768.jpg\" alt=\"\" class=\"wp-image-49841\" srcset=\"https:\/\/blogdoedvaldomagalhaes.com.br\/wp-content\/uploads\/2019\/12\/IMG-20191218-WA0379-1024x768.jpg 1024w, https:\/\/blogdoedvaldomagalhaes.com.br\/wp-content\/uploads\/2019\/12\/IMG-20191218-WA0379-300x225.jpg 300w, https:\/\/blogdoedvaldomagalhaes.com.br\/wp-content\/uploads\/2019\/12\/IMG-20191218-WA0379-768x576.jpg 768w, https:\/\/blogdoedvaldomagalhaes.com.br\/wp-content\/uploads\/2019\/12\/IMG-20191218-WA0379-160x120.jpg 160w, https:\/\/blogdoedvaldomagalhaes.com.br\/wp-content\/uploads\/2019\/12\/IMG-20191218-WA0379.jpg 1280w\" sizes=\"auto, (max-width: 1024px) 100vw, 1024px\" \/><\/figure>\n\n\n\n<figure class=\"wp-block-image size-large\"><img loading=\"lazy\" decoding=\"async\" width=\"1024\" height=\"599\" src=\"http:\/\/blogdoedvaldomagalhaes.com.br\/wp-content\/uploads\/2019\/12\/IMG-20191218-WA0382-1024x599.jpg\" alt=\"\" class=\"wp-image-49842\" srcset=\"https:\/\/blogdoedvaldomagalhaes.com.br\/wp-content\/uploads\/2019\/12\/IMG-20191218-WA0382-1024x599.jpg 1024w, https:\/\/blogdoedvaldomagalhaes.com.br\/wp-content\/uploads\/2019\/12\/IMG-20191218-WA0382-300x176.jpg 300w, https:\/\/blogdoedvaldomagalhaes.com.br\/wp-content\/uploads\/2019\/12\/IMG-20191218-WA0382-768x449.jpg 768w, https:\/\/blogdoedvaldomagalhaes.com.br\/wp-content\/uploads\/2019\/12\/IMG-20191218-WA0382.jpg 1280w\" sizes=\"auto, (max-width: 1024px) 100vw, 1024px\" \/><\/figure>\n\n\n\n<figure class=\"wp-block-image size-large\"><img loading=\"lazy\" decoding=\"async\" width=\"768\" height=\"1024\" src=\"http:\/\/blogdoedvaldomagalhaes.com.br\/wp-content\/uploads\/2019\/12\/IMG-20191218-WA0384-768x1024.jpg\" alt=\"\" class=\"wp-image-49843\" srcset=\"https:\/\/blogdoedvaldomagalhaes.com.br\/wp-content\/uploads\/2019\/12\/IMG-20191218-WA0384-768x1024.jpg 768w, https:\/\/blogdoedvaldomagalhaes.com.br\/wp-content\/uploads\/2019\/12\/IMG-20191218-WA0384-225x300.jpg 225w, https:\/\/blogdoedvaldomagalhaes.com.br\/wp-content\/uploads\/2019\/12\/IMG-20191218-WA0384.jpg 960w\" sizes=\"auto, (max-width: 768px) 100vw, 768px\" \/><\/figure>\n\n\n\n<figure class=\"wp-block-image size-large\"><img loading=\"lazy\" decoding=\"async\" width=\"1024\" height=\"594\" src=\"http:\/\/blogdoedvaldomagalhaes.com.br\/wp-content\/uploads\/2019\/12\/IMG-20191218-WA0376-1024x594.jpg\" alt=\"\" class=\"wp-image-49844\" srcset=\"https:\/\/blogdoedvaldomagalhaes.com.br\/wp-content\/uploads\/2019\/12\/IMG-20191218-WA0376-1024x594.jpg 1024w, https:\/\/blogdoedvaldomagalhaes.com.br\/wp-content\/uploads\/2019\/12\/IMG-20191218-WA0376-300x174.jpg 300w, https:\/\/blogdoedvaldomagalhaes.com.br\/wp-content\/uploads\/2019\/12\/IMG-20191218-WA0376-768x445.jpg 768w, https:\/\/blogdoedvaldomagalhaes.com.br\/wp-content\/uploads\/2019\/12\/IMG-20191218-WA0376.jpg 1280w\" sizes=\"auto, (max-width: 1024px) 100vw, 1024px\" \/><\/figure>\n\n\n\n<figure class=\"wp-block-image size-large\"><img loading=\"lazy\" decoding=\"async\" width=\"1024\" height=\"768\" src=\"http:\/\/blogdoedvaldomagalhaes.com.br\/wp-content\/uploads\/2019\/12\/IMG-20191218-WA0377-1024x768.jpg\" alt=\"\" class=\"wp-image-49845\" srcset=\"https:\/\/blogdoedvaldomagalhaes.com.br\/wp-content\/uploads\/2019\/12\/IMG-20191218-WA0377-1024x768.jpg 1024w, https:\/\/blogdoedvaldomagalhaes.com.br\/wp-content\/uploads\/2019\/12\/IMG-20191218-WA0377-300x225.jpg 300w, https:\/\/blogdoedvaldomagalhaes.com.br\/wp-content\/uploads\/2019\/12\/IMG-20191218-WA0377-768x576.jpg 768w, https:\/\/blogdoedvaldomagalhaes.com.br\/wp-content\/uploads\/2019\/12\/IMG-20191218-WA0377-160x120.jpg 160w, https:\/\/blogdoedvaldomagalhaes.com.br\/wp-content\/uploads\/2019\/12\/IMG-20191218-WA0377.jpg 1280w\" sizes=\"auto, (max-width: 1024px) 100vw, 1024px\" \/><\/figure>\n\n\n\n<figure class=\"wp-block-image size-large\"><img loading=\"lazy\" decoding=\"async\" width=\"693\" height=\"1024\" src=\"http:\/\/blogdoedvaldomagalhaes.com.br\/wp-content\/uploads\/2019\/12\/IMG-20191218-WA0381-693x1024.jpg\" alt=\"\" class=\"wp-image-49846\" srcset=\"https:\/\/blogdoedvaldomagalhaes.com.br\/wp-content\/uploads\/2019\/12\/IMG-20191218-WA0381-693x1024.jpg 693w, https:\/\/blogdoedvaldomagalhaes.com.br\/wp-content\/uploads\/2019\/12\/IMG-20191218-WA0381-203x300.jpg 203w, https:\/\/blogdoedvaldomagalhaes.com.br\/wp-content\/uploads\/2019\/12\/IMG-20191218-WA0381-768x1135.jpg 768w, https:\/\/blogdoedvaldomagalhaes.com.br\/wp-content\/uploads\/2019\/12\/IMG-20191218-WA0381.jpg 866w\" sizes=\"auto, (max-width: 693px) 100vw, 693px\" \/><\/figure>\n","protected":false},"excerpt":{"rendered":"<p>A empresa de \u00f4nibus Coletivo est\u00e1 reeditando o \u00d4nibus do Natal Iluminado para abrilhantar o transporte coletivo dos clientes urbanos,&hellip;<\/p>\n","protected":false},"author":1,"featured_media":49838,"comment_status":"open","ping_status":"open","sticky":false,"template":"","format":"standard","meta":{"footnotes":""},"categories":[14120],"tags":[2,16881,16895],"class_list":["post-49837","post","type-post","status-publish","format-standard","has-post-thumbnail","hentry","category-noticias","tag-blog-do-edvaldo-magalhaes","tag-caruaru-e-regiao","tag-coletivo-turismo-circula-com-onibus-do-natal-iluminado"],"_links":{"self":[{"href":"https:\/\/blogdoedvaldomagalhaes.com.br\/index.php\/wp-json\/wp\/v2\/posts\/49837","targetHints":{"allow":["GET"]}}],"collection":[{"href":"https:\/\/blogdoedvaldomagalhaes.com.br\/index.php\/wp-json\/wp\/v2\/posts"}],"about":[{"href":"https:\/\/blogdoedvaldomagalhaes.com.br\/index.php\/wp-json\/wp\/v2\/types\/post"}],"author":[{"embeddable":true,"href":"https:\/\/blogdoedvaldomagalhaes.com.br\/index.php\/wp-json\/wp\/v2\/users\/1"}],"replies":[{"embeddable":true,"href":"https:\/\/blogdoedvaldomagalhaes.com.br\/index.php\/wp-json\/wp\/v2\/comments?post=49837"}],"version-history":[{"count":1,"href":"https:\/\/blogdoedvaldomagalhaes.com.br\/index.php\/wp-json\/wp\/v2\/posts\/49837\/revisions"}],"predecessor-version":[{"id":49847,"href":"https:\/\/blogdoedvaldomagalhaes.com.br\/index.php\/wp-json\/wp\/v2\/posts\/49837\/revisions\/49847"}],"wp:featuredmedia":[{"embeddable":true,"href":"https:\/\/blogdoedvaldomagalhaes.com.br\/index.php\/wp-json\/wp\/v2\/media\/49838"}],"wp:attachment":[{"href":"https:\/\/blogdoedvaldomagalhaes.com.br\/index.php\/wp-json\/wp\/v2\/media?parent=49837"}],"wp:term":[{"taxonomy":"category","embeddable":true,"href":"https:\/\/blogdoedvaldomagalhaes.com.br\/index.php\/wp-json\/wp\/v2\/categories?post=49837"},{"taxonomy":"post_tag","embeddable":true,"href":"https:\/\/blogdoedvaldomagalhaes.com.br\/index.php\/wp-json\/wp\/v2\/tags?post=49837"}],"curies":[{"name":"wp","href":"https:\/\/api.w.org\/{rel}","templated":true}]}}