{"id":49834,"date":"2019-12-18T20:29:03","date_gmt":"2019-12-18T23:29:03","guid":{"rendered":"http:\/\/blogdoedvaldomagalhaes.com.br\/?p=49834"},"modified":"2019-12-18T20:29:06","modified_gmt":"2019-12-18T23:29:06","slug":"mais-de-r-25-milhoes-serao-injetados-na-economia-do-municipio-de-caruaru","status":"publish","type":"post","link":"https:\/\/blogdoedvaldomagalhaes.com.br\/index.php\/2019\/12\/18\/mais-de-r-25-milhoes-serao-injetados-na-economia-do-municipio-de-caruaru\/","title":{"rendered":"Mais de R$ 25 milh\u00f5es ser\u00e3o injetados na economia do munic\u00edpio de Caruaru"},"content":{"rendered":"<p style=\"text-align: justify;\">A Prefeitura de Caruaru, por meio da Secretaria de Administra\u00e7\u00e3o confirma, para esta sexta-feira (20), o pagamento do 13\u00ba sal\u00e1rio, dois dias antes de uma das maiores Feiras da Sulanca do ano. O CaruaruPrev estar\u00e1 fazendo o pagamento aos aposentados e pensionistas nesta quinta-feira (19).<\/p>\n<p style=\"text-align: justify;\">O ano de 2019 foi marcado com o compromisso do pagamento dos sal\u00e1rios de todos os servidores, com datas pr\u00e9-estabelecidas. O valor total da folha de pagamento do 13\u00ba sal\u00e1rio do munic\u00edpio gira em torno de R$ 25 milh\u00f5es.<\/p>\n","protected":false},"excerpt":{"rendered":"<p>A Prefeitura de Caruaru, por meio da Secretaria de Administra\u00e7\u00e3o confirma, para esta sexta-feira (20), o pagamento do 13\u00ba sal\u00e1rio,&hellip;<\/p>\n","protected":false},"author":1,"featured_media":49835,"comment_status":"open","ping_status":"open","sticky":false,"template":"","format":"standard","meta":{"footnotes":""},"categories":[14120],"tags":[2,16881,16894],"class_list":["post-49834","post","type-post","status-publish","format-standard","has-post-thumbnail","hentry","category-noticias","tag-blog-do-edvaldo-magalhaes","tag-caruaru-e-regiao","tag-mais-de-r-25-milhoes-serao-injetados-na-economia-do-municipio-de-caruaru"],"_links":{"self":[{"href":"https:\/\/blogdoedvaldomagalhaes.com.br\/index.php\/wp-json\/wp\/v2\/posts\/49834","targetHints":{"allow":["GET"]}}],"collection":[{"href":"https:\/\/blogdoedvaldomagalhaes.com.br\/index.php\/wp-json\/wp\/v2\/posts"}],"about":[{"href":"https:\/\/blogdoedvaldomagalhaes.com.br\/index.php\/wp-json\/wp\/v2\/types\/post"}],"author":[{"embeddable":true,"href":"https:\/\/blogdoedvaldomagalhaes.com.br\/index.php\/wp-json\/wp\/v2\/users\/1"}],"replies":[{"embeddable":true,"href":"https:\/\/blogdoedvaldomagalhaes.com.br\/index.php\/wp-json\/wp\/v2\/comments?post=49834"}],"version-history":[{"count":1,"href":"https:\/\/blogdoedvaldomagalhaes.com.br\/index.php\/wp-json\/wp\/v2\/posts\/49834\/revisions"}],"predecessor-version":[{"id":49836,"href":"https:\/\/blogdoedvaldomagalhaes.com.br\/index.php\/wp-json\/wp\/v2\/posts\/49834\/revisions\/49836"}],"wp:featuredmedia":[{"embeddable":true,"href":"https:\/\/blogdoedvaldomagalhaes.com.br\/index.php\/wp-json\/wp\/v2\/media\/49835"}],"wp:attachment":[{"href":"https:\/\/blogdoedvaldomagalhaes.com.br\/index.php\/wp-json\/wp\/v2\/media?parent=49834"}],"wp:term":[{"taxonomy":"category","embeddable":true,"href":"https:\/\/blogdoedvaldomagalhaes.com.br\/index.php\/wp-json\/wp\/v2\/categories?post=49834"},{"taxonomy":"post_tag","embeddable":true,"href":"https:\/\/blogdoedvaldomagalhaes.com.br\/index.php\/wp-json\/wp\/v2\/tags?post=49834"}],"curies":[{"name":"wp","href":"https:\/\/api.w.org\/{rel}","templated":true}]}}