{"id":49812,"date":"2019-12-18T15:24:39","date_gmt":"2019-12-18T18:24:39","guid":{"rendered":"http:\/\/blogdoedvaldomagalhaes.com.br\/?p=49812"},"modified":"2019-12-18T15:24:43","modified_gmt":"2019-12-18T18:24:43","slug":"papai-noel-vai-entregar-presentes-aos-moradores-da-casa-dos-pobres-sao-francisco-de-assis","status":"publish","type":"post","link":"https:\/\/blogdoedvaldomagalhaes.com.br\/index.php\/2019\/12\/18\/papai-noel-vai-entregar-presentes-aos-moradores-da-casa-dos-pobres-sao-francisco-de-assis\/","title":{"rendered":"Papai Noel vai entregar presentes aos moradores da Casa dos Pobres S\u00e3o Francisco de Assis"},"content":{"rendered":"<p style=\"text-align: justify;\">A festa acontece no p\u00e1tio da Casa dos Pobres S\u00e3o Francisco de Assis e vai contar com a presen\u00e7a dos moradores e do Papai Noel que vai fazer a entrega dos presentes, a partir das 15h30. O evento \u00e9 aberto ao p\u00fablico e das pessoas que doaram os presentes.<\/p>\n<p style=\"text-align: justify;\">A Casa dos Pobres S\u00e3o Francisco de Assis como todos os anos comemora o Natal dos moradores com a \u201cArvore dos pedidos\u201d, os quais s\u00e3o pendurados na Arvore e as pessoas podem escolher o presente para doar. A maioria dos pedidos s\u00e3o rel\u00f3gios, r\u00e1dios de pilhas, sand\u00e1lias, vestidos e produtos de higiene pessoal. Se voc\u00ea ainda n\u00e3o decidiu o que doar, ai est\u00e3o as op\u00e7\u00f5es.<br \/>\nOs presentes podem ser doados at\u00e9 o dia 20 de dezembro e os interessados podem se informar pelo 81-3721-4325. Para quem prefere conhecer o idoso que est\u00e1 pedindo o presente tamb\u00e9m pode se dirigir a Casa dos Pobres e procurar o Servi\u00e7o Social.<\/p>\n<p style=\"text-align: justify;\">Outra Arvore tamb\u00e9m exposta na Casa dos Pobres \u00e9 a arvore das necessidades da Casa. Nela, os pedidos s\u00e3o para atender o que est\u00e1 precisando para manuten\u00e7\u00e3o do espa\u00e7o. S\u00e3o len\u00e7\u00f3is, toalhas, encosto, fralda descart\u00e1vel, produtos de higiene pessoal e geral.<\/p>\n<p style=\"text-align: justify;\">Interesseiros: Iris Alacoque\/Assessora de Imprensa.<\/p>\n","protected":false},"excerpt":{"rendered":"<p>A festa acontece no p\u00e1tio da Casa dos Pobres S\u00e3o Francisco de Assis e vai contar com a presen\u00e7a dos&hellip;<\/p>\n","protected":false},"author":1,"featured_media":49813,"comment_status":"open","ping_status":"open","sticky":false,"template":"","format":"standard","meta":{"footnotes":""},"categories":[14120],"tags":[2,16881,16889],"class_list":["post-49812","post","type-post","status-publish","format-standard","has-post-thumbnail","hentry","category-noticias","tag-blog-do-edvaldo-magalhaes","tag-caruaru-e-regiao","tag-papai-noel-vai-entregar-presentes-aos-moradores-da-casa-dos-pobres-sao-francisco-de-assis"],"_links":{"self":[{"href":"https:\/\/blogdoedvaldomagalhaes.com.br\/index.php\/wp-json\/wp\/v2\/posts\/49812","targetHints":{"allow":["GET"]}}],"collection":[{"href":"https:\/\/blogdoedvaldomagalhaes.com.br\/index.php\/wp-json\/wp\/v2\/posts"}],"about":[{"href":"https:\/\/blogdoedvaldomagalhaes.com.br\/index.php\/wp-json\/wp\/v2\/types\/post"}],"author":[{"embeddable":true,"href":"https:\/\/blogdoedvaldomagalhaes.com.br\/index.php\/wp-json\/wp\/v2\/users\/1"}],"replies":[{"embeddable":true,"href":"https:\/\/blogdoedvaldomagalhaes.com.br\/index.php\/wp-json\/wp\/v2\/comments?post=49812"}],"version-history":[{"count":1,"href":"https:\/\/blogdoedvaldomagalhaes.com.br\/index.php\/wp-json\/wp\/v2\/posts\/49812\/revisions"}],"predecessor-version":[{"id":49814,"href":"https:\/\/blogdoedvaldomagalhaes.com.br\/index.php\/wp-json\/wp\/v2\/posts\/49812\/revisions\/49814"}],"wp:featuredmedia":[{"embeddable":true,"href":"https:\/\/blogdoedvaldomagalhaes.com.br\/index.php\/wp-json\/wp\/v2\/media\/49813"}],"wp:attachment":[{"href":"https:\/\/blogdoedvaldomagalhaes.com.br\/index.php\/wp-json\/wp\/v2\/media?parent=49812"}],"wp:term":[{"taxonomy":"category","embeddable":true,"href":"https:\/\/blogdoedvaldomagalhaes.com.br\/index.php\/wp-json\/wp\/v2\/categories?post=49812"},{"taxonomy":"post_tag","embeddable":true,"href":"https:\/\/blogdoedvaldomagalhaes.com.br\/index.php\/wp-json\/wp\/v2\/tags?post=49812"}],"curies":[{"name":"wp","href":"https:\/\/api.w.org\/{rel}","templated":true}]}}