{"id":49809,"date":"2019-12-18T14:39:19","date_gmt":"2019-12-18T17:39:19","guid":{"rendered":"http:\/\/blogdoedvaldomagalhaes.com.br\/?p=49809"},"modified":"2019-12-18T14:39:23","modified_gmt":"2019-12-18T17:39:23","slug":"mais-amor-acao-do-transforma-caruaru-distribuira-coracoes-para-populacao-pelas-ruas","status":"publish","type":"post","link":"https:\/\/blogdoedvaldomagalhaes.com.br\/index.php\/2019\/12\/18\/mais-amor-acao-do-transforma-caruaru-distribuira-coracoes-para-populacao-pelas-ruas\/","title":{"rendered":"\u201cMais Amor\u201d: a\u00e7\u00e3o do Transforma Caruaru distribuir\u00e1 cora\u00e7\u00f5es para popula\u00e7\u00e3o pelas ruas"},"content":{"rendered":"<p style=\"text-align: justify;\">\u00c0s vezes, tudo o que precisamos para melhorar o dia \u00e9 um abra\u00e7o forte, um afeto sincero. Pensando nisso, na pr\u00f3xima sexta-feira (20), cora\u00e7\u00f5es e muito amor ir\u00e3o invadir as ruas de Caruaru. O projeto \u201cMais Amor\u201d, realizado pelo Transforma Caruaru, chegar\u00e1 na 2\u00aa edi\u00e7\u00e3o e distribuir\u00e1 pelo menos 10 mil cora\u00e7\u00f5es para as pessoas que passarem pelo Centro da cidade. A iniciativa acontece nacionalmente e conta com apoio da Prefeitura de Caruaru.<\/p>\n<p style=\"text-align: justify;\">Ser\u00e3o reunidas pessoas de todas as faixas et\u00e1rias. Idealizada e iniciada pelo Movimento Novo Jeito, o objetivo desta a\u00e7\u00e3o \u00e9 dar visibilidade e reconhecimento para tantas pessoas que trabalharam o ano inteiro com voluntariado, al\u00e9m de terminar o ano impactando positivamente os caruaruenses com muito amor e alegria.<\/p>\n<p style=\"text-align: justify;\">A concentra\u00e7\u00e3o ser\u00e1 a partir das 16h no Espa\u00e7o Major Clementino, ao lado do Grande Hotel. Os volunt\u00e1rios podem ir vestido de branco.<\/p>\n<p style=\"text-align: justify;\">*Transforma Brasil*<br \/>\nO Transforma Brasil foi criado em S\u00e3o Paulo pelo empreendedor social pernambucano F\u00e1bio Silva, em 2018, para desenvolver iniciativas sociais no Brasil. Em Caruaru, o espa\u00e7o f\u00edsico passa a funcionar na Avenida Jos\u00e9 Rodrigues de Jesus, s\/n\u00ba, no Bairro Indian\u00f3polis, no mesmo local da Sementeira Chico Mendes, do Parque Municipal Ambientalista Severino Montenegro. A estrutura conta com tr\u00eas salas que ir\u00e3o servir para reuni\u00f5es, treinamento e escrit\u00f3rio.<\/p>\n<p style=\"text-align: justify;\">A Prefeitura de Caruaru entrou como parceira do projeto no munic\u00edpio. O link para quem quiser se cadastrar \u2013 seja pessoa f\u00edsica, jur\u00eddica, entidades, projetos sociais, etc. \u2013 est\u00e1 dispon\u00edvel atrav\u00e9s do transformacaruaru.com.br.Vc<\/p>\n","protected":false},"excerpt":{"rendered":"<p>\u00c0s vezes, tudo o que precisamos para melhorar o dia \u00e9 um abra\u00e7o forte, um afeto sincero. Pensando nisso, na&hellip;<\/p>\n","protected":false},"author":1,"featured_media":49810,"comment_status":"open","ping_status":"open","sticky":false,"template":"","format":"standard","meta":{"footnotes":""},"categories":[14120],"tags":[16888,2,16881],"class_list":["post-49809","post","type-post","status-publish","format-standard","has-post-thumbnail","hentry","category-noticias","tag-mais-amor-acao-do-transforma-caruaru-distribuira-coracoes-para-populacao-pelas-ruas","tag-blog-do-edvaldo-magalhaes","tag-caruaru-e-regiao"],"_links":{"self":[{"href":"https:\/\/blogdoedvaldomagalhaes.com.br\/index.php\/wp-json\/wp\/v2\/posts\/49809","targetHints":{"allow":["GET"]}}],"collection":[{"href":"https:\/\/blogdoedvaldomagalhaes.com.br\/index.php\/wp-json\/wp\/v2\/posts"}],"about":[{"href":"https:\/\/blogdoedvaldomagalhaes.com.br\/index.php\/wp-json\/wp\/v2\/types\/post"}],"author":[{"embeddable":true,"href":"https:\/\/blogdoedvaldomagalhaes.com.br\/index.php\/wp-json\/wp\/v2\/users\/1"}],"replies":[{"embeddable":true,"href":"https:\/\/blogdoedvaldomagalhaes.com.br\/index.php\/wp-json\/wp\/v2\/comments?post=49809"}],"version-history":[{"count":1,"href":"https:\/\/blogdoedvaldomagalhaes.com.br\/index.php\/wp-json\/wp\/v2\/posts\/49809\/revisions"}],"predecessor-version":[{"id":49811,"href":"https:\/\/blogdoedvaldomagalhaes.com.br\/index.php\/wp-json\/wp\/v2\/posts\/49809\/revisions\/49811"}],"wp:featuredmedia":[{"embeddable":true,"href":"https:\/\/blogdoedvaldomagalhaes.com.br\/index.php\/wp-json\/wp\/v2\/media\/49810"}],"wp:attachment":[{"href":"https:\/\/blogdoedvaldomagalhaes.com.br\/index.php\/wp-json\/wp\/v2\/media?parent=49809"}],"wp:term":[{"taxonomy":"category","embeddable":true,"href":"https:\/\/blogdoedvaldomagalhaes.com.br\/index.php\/wp-json\/wp\/v2\/categories?post=49809"},{"taxonomy":"post_tag","embeddable":true,"href":"https:\/\/blogdoedvaldomagalhaes.com.br\/index.php\/wp-json\/wp\/v2\/tags?post=49809"}],"curies":[{"name":"wp","href":"https:\/\/api.w.org\/{rel}","templated":true}]}}