{"id":49804,"date":"2019-12-18T14:09:37","date_gmt":"2019-12-18T17:09:37","guid":{"rendered":"http:\/\/blogdoedvaldomagalhaes.com.br\/?p=49804"},"modified":"2019-12-18T14:09:42","modified_gmt":"2019-12-18T17:09:42","slug":"segunda-etapa-da-requalificacao-eletrica-do-parque-18-de-maio-vai-contemplar-o-setor-da-brasilit","status":"publish","type":"post","link":"https:\/\/blogdoedvaldomagalhaes.com.br\/index.php\/2019\/12\/18\/segunda-etapa-da-requalificacao-eletrica-do-parque-18-de-maio-vai-contemplar-o-setor-da-brasilit\/","title":{"rendered":"Segunda etapa da requalifica\u00e7\u00e3o el\u00e9trica do Parque 18 de Maio vai contemplar o setor da Brasilit"},"content":{"rendered":"<p style=\"text-align: justify;\"><span style=\"font-size: inherit;\">A Secretaria de Servi\u00e7os P\u00fablicos vai realizar visita t\u00e9cnica juntamente com a CELPE, no Parque 18 de Maio, nesta quinta-feira (19), \u00e0s 15h. O objetivo \u00e9 iniciar a segunda etapa da requalifica\u00e7\u00e3o da parte el\u00e9trica do parque, que compreender\u00e1 o setor da Brasilit.<\/span><\/p>\n<p style=\"text-align: justify;\">O projeto de requalifica\u00e7\u00e3o visa a retirada de gambiarras, melhorias na infra-estrutura el\u00e9trica e a intala\u00e7\u00e3o de novos equipamentos de fornecimento de energia e seguran\u00e7a.<\/p>\n\n\n<figure class=\"wp-block-image size-large\"><img loading=\"lazy\" decoding=\"async\" width=\"1024\" height=\"768\" src=\"http:\/\/blogdoedvaldomagalhaes.com.br\/wp-content\/uploads\/2019\/12\/IMG-20191218-WA0180-1-1024x768.jpg\" alt=\"\" class=\"wp-image-49806\" srcset=\"https:\/\/blogdoedvaldomagalhaes.com.br\/wp-content\/uploads\/2019\/12\/IMG-20191218-WA0180-1-1024x768.jpg 1024w, https:\/\/blogdoedvaldomagalhaes.com.br\/wp-content\/uploads\/2019\/12\/IMG-20191218-WA0180-1-300x225.jpg 300w, https:\/\/blogdoedvaldomagalhaes.com.br\/wp-content\/uploads\/2019\/12\/IMG-20191218-WA0180-1-768x576.jpg 768w, https:\/\/blogdoedvaldomagalhaes.com.br\/wp-content\/uploads\/2019\/12\/IMG-20191218-WA0180-1-160x120.jpg 160w, https:\/\/blogdoedvaldomagalhaes.com.br\/wp-content\/uploads\/2019\/12\/IMG-20191218-WA0180-1.jpg 1280w\" sizes=\"auto, (max-width: 1024px) 100vw, 1024px\" \/><\/figure>\n","protected":false},"excerpt":{"rendered":"<p>A Secretaria de Servi\u00e7os P\u00fablicos vai realizar visita t\u00e9cnica juntamente com a CELPE, no Parque 18 de Maio, nesta quinta-feira&hellip;<\/p>\n","protected":false},"author":1,"featured_media":49807,"comment_status":"open","ping_status":"open","sticky":false,"template":"","format":"standard","meta":{"footnotes":""},"categories":[14120],"tags":[2,16881,16887],"class_list":["post-49804","post","type-post","status-publish","format-standard","has-post-thumbnail","hentry","category-noticias","tag-blog-do-edvaldo-magalhaes","tag-caruaru-e-regiao","tag-segunda-etapa-da-requalificacao-eletrica-do-parque-18-de-maio-vai-contemplar-o-setor-da-brasilit"],"_links":{"self":[{"href":"https:\/\/blogdoedvaldomagalhaes.com.br\/index.php\/wp-json\/wp\/v2\/posts\/49804","targetHints":{"allow":["GET"]}}],"collection":[{"href":"https:\/\/blogdoedvaldomagalhaes.com.br\/index.php\/wp-json\/wp\/v2\/posts"}],"about":[{"href":"https:\/\/blogdoedvaldomagalhaes.com.br\/index.php\/wp-json\/wp\/v2\/types\/post"}],"author":[{"embeddable":true,"href":"https:\/\/blogdoedvaldomagalhaes.com.br\/index.php\/wp-json\/wp\/v2\/users\/1"}],"replies":[{"embeddable":true,"href":"https:\/\/blogdoedvaldomagalhaes.com.br\/index.php\/wp-json\/wp\/v2\/comments?post=49804"}],"version-history":[{"count":1,"href":"https:\/\/blogdoedvaldomagalhaes.com.br\/index.php\/wp-json\/wp\/v2\/posts\/49804\/revisions"}],"predecessor-version":[{"id":49808,"href":"https:\/\/blogdoedvaldomagalhaes.com.br\/index.php\/wp-json\/wp\/v2\/posts\/49804\/revisions\/49808"}],"wp:featuredmedia":[{"embeddable":true,"href":"https:\/\/blogdoedvaldomagalhaes.com.br\/index.php\/wp-json\/wp\/v2\/media\/49807"}],"wp:attachment":[{"href":"https:\/\/blogdoedvaldomagalhaes.com.br\/index.php\/wp-json\/wp\/v2\/media?parent=49804"}],"wp:term":[{"taxonomy":"category","embeddable":true,"href":"https:\/\/blogdoedvaldomagalhaes.com.br\/index.php\/wp-json\/wp\/v2\/categories?post=49804"},{"taxonomy":"post_tag","embeddable":true,"href":"https:\/\/blogdoedvaldomagalhaes.com.br\/index.php\/wp-json\/wp\/v2\/tags?post=49804"}],"curies":[{"name":"wp","href":"https:\/\/api.w.org\/{rel}","templated":true}]}}