{"id":498,"date":"2018-12-06T20:31:00","date_gmt":"2018-12-06T22:31:00","guid":{"rendered":"http:\/\/blogdoedvaldomagalhaes.com.br\/index.php\/2018\/12\/06\/samu-agreste-recebe-novas-ambulancias\/"},"modified":"2019-02-09T02:44:50","modified_gmt":"2019-02-09T04:44:50","slug":"samu-agreste-recebe-novas-ambulancias","status":"publish","type":"post","link":"https:\/\/blogdoedvaldomagalhaes.com.br\/index.php\/2018\/12\/06\/samu-agreste-recebe-novas-ambulancias\/","title":{"rendered":"Samu Agreste recebe novas ambul\u00e2ncias"},"content":{"rendered":"<div class=\"separator\" style=\"clear: both; text-align: center;\">\n<a href=\"https:\/\/2.bp.blogspot.com\/-5IZf4imZV9I\/XAmG5S6FdhI\/AAAAAAAA_Kw\/UN3VzGxfjF8PYowK7PMGbkMrdgf1kB9fQCLcBGAs\/s1600\/samu%2B1.jpg\" imageanchor=\"1\" style=\"margin-left: 1em; margin-right: 1em;\"><img loading=\"lazy\" decoding=\"async\" border=\"0\" data-original-height=\"426\" data-original-width=\"640\" height=\"424\" src=\"http:\/\/blogdoedvaldomagalhaes.com.br\/wp-content\/uploads\/2018\/12\/samu1.jpg\" width=\"640\" \/><\/a><\/div>\n<div class=\"separator\" style=\"clear: both; text-align: center;\">\nFotos: Jana\u00edna Pepeu\/Divulga\u00e7\u00e3o<\/div>\n<div style=\"text-align: justify;\">\n<\/div>\n<div style=\"text-align: justify;\">\nNesta quarta-feira (05) foi realizada a cerim\u00f4nia de entrega de duas novas ambul\u00e2ncias para substituir as antigas da frota do Samu Agreste. Os ve\u00edculos s\u00e3o fruto de uma solicita\u00e7\u00e3o da prefeita Raquel Lyra e da secret\u00e1ria de Sa\u00fade Ana Maria Albuquerque junto ao Minist\u00e9rio da Sa\u00fade.&nbsp;<\/div>\n<div style=\"text-align: justify;\">\n<\/div>\n<div class=\"separator\" style=\"clear: both; text-align: center;\">\n<a href=\"https:\/\/1.bp.blogspot.com\/-JfNZsHMmroc\/XAmHD8TPPzI\/AAAAAAAA_K0\/jWVIgChqjs42vVhn35rMKkhPX8FKDCUbwCLcBGAs\/s1600\/samu.jpg\" imageanchor=\"1\" style=\"margin-left: 1em; margin-right: 1em;\"><img loading=\"lazy\" decoding=\"async\" border=\"0\" data-original-height=\"426\" data-original-width=\"640\" height=\"424\" src=\"http:\/\/blogdoedvaldomagalhaes.com.br\/wp-content\/uploads\/2018\/12\/samu.jpg\" width=\"640\" \/><\/a><\/div>\n<div style=\"text-align: justify;\">\n<\/div>\n<div style=\"text-align: justify;\">\n\u201cFomos at\u00e9 Bras\u00edlia lutar para trazer essas novas ambul\u00e2ncias do SAMU. Conseguimos uma no in\u00edcio do ano e agora mais duas. \u00c9 uma vit\u00f3ria pra gente e, principalmente, para quem precisar usar esses equipamentos, pois est\u00e3o todos em \u00f3timas condi\u00e7\u00f5es de uso e servi\u00e7o\u201d, declarou a prefeita de Caruaru.<\/div>\n<div style=\"text-align: justify;\">\n<\/div>\n<div class=\"separator\" style=\"clear: both; text-align: center;\">\n<a href=\"https:\/\/1.bp.blogspot.com\/-NUGjOwM3Sgc\/XAmHJVCaeJI\/AAAAAAAA_K8\/k0W6QOkKYOs9wMP35vL14o_UIApieEyFACLcBGAs\/s1600\/samu%2B2.jpg\" imageanchor=\"1\" style=\"margin-left: 1em; margin-right: 1em;\"><img loading=\"lazy\" decoding=\"async\" border=\"0\" data-original-height=\"426\" data-original-width=\"640\" height=\"424\" src=\"http:\/\/blogdoedvaldomagalhaes.com.br\/wp-content\/uploads\/2018\/12\/samu2.jpg\" width=\"640\" \/><\/a><\/div>\n<div style=\"text-align: justify;\">\n<\/div>\n<div style=\"text-align: justify;\">\nAtualmente, o Samu faz a regula\u00e7\u00e3o de 53 munic\u00edpios da 2\u00aa Macrorregi\u00e3o IV e V Regi\u00e3o de Sa\u00fade. Em Caruaru existem quatro ambul\u00e2ncias b\u00e1sicas e uma de suporte avan\u00e7ado, al\u00e9m de duas motol\u00e2ncias.<\/div>\n<div style=\"text-align: justify;\">\n<\/div>\n<div style=\"text-align: justify;\">\nInforma\u00e7\u00f5es de Concei\u00e7\u00e3o Ricarte\/Assessoria de Impresa.<\/div>\n<div style=\"text-align: justify;\">\n<\/div>\n","protected":false},"excerpt":{"rendered":"<p>Fotos: Jana\u00edna Pepeu\/Divulga\u00e7\u00e3o Nesta quarta-feira (05) foi realizada a cerim\u00f4nia de entrega de duas novas ambul\u00e2ncias para substituir as antigas&hellip;<\/p>\n","protected":false},"author":1,"featured_media":0,"comment_status":"open","ping_status":"open","sticky":false,"template":"","format":"standard","meta":{"footnotes":""},"categories":[1],"tags":[2,6,408],"class_list":["post-498","post","type-post","status-publish","format-standard","hentry","category-sem-categoria","tag-blog-do-edvaldo-magalhaes","tag-noticias","tag-samu-agreste-recebe-novas-ambulancias"],"_links":{"self":[{"href":"https:\/\/blogdoedvaldomagalhaes.com.br\/index.php\/wp-json\/wp\/v2\/posts\/498","targetHints":{"allow":["GET"]}}],"collection":[{"href":"https:\/\/blogdoedvaldomagalhaes.com.br\/index.php\/wp-json\/wp\/v2\/posts"}],"about":[{"href":"https:\/\/blogdoedvaldomagalhaes.com.br\/index.php\/wp-json\/wp\/v2\/types\/post"}],"author":[{"embeddable":true,"href":"https:\/\/blogdoedvaldomagalhaes.com.br\/index.php\/wp-json\/wp\/v2\/users\/1"}],"replies":[{"embeddable":true,"href":"https:\/\/blogdoedvaldomagalhaes.com.br\/index.php\/wp-json\/wp\/v2\/comments?post=498"}],"version-history":[{"count":1,"href":"https:\/\/blogdoedvaldomagalhaes.com.br\/index.php\/wp-json\/wp\/v2\/posts\/498\/revisions"}],"predecessor-version":[{"id":36562,"href":"https:\/\/blogdoedvaldomagalhaes.com.br\/index.php\/wp-json\/wp\/v2\/posts\/498\/revisions\/36562"}],"wp:attachment":[{"href":"https:\/\/blogdoedvaldomagalhaes.com.br\/index.php\/wp-json\/wp\/v2\/media?parent=498"}],"wp:term":[{"taxonomy":"category","embeddable":true,"href":"https:\/\/blogdoedvaldomagalhaes.com.br\/index.php\/wp-json\/wp\/v2\/categories?post=498"},{"taxonomy":"post_tag","embeddable":true,"href":"https:\/\/blogdoedvaldomagalhaes.com.br\/index.php\/wp-json\/wp\/v2\/tags?post=498"}],"curies":[{"name":"wp","href":"https:\/\/api.w.org\/{rel}","templated":true}]}}