{"id":49792,"date":"2019-12-18T11:25:34","date_gmt":"2019-12-18T14:25:34","guid":{"rendered":"http:\/\/blogdoedvaldomagalhaes.com.br\/?p=49792"},"modified":"2019-12-18T11:25:37","modified_gmt":"2019-12-18T14:25:37","slug":"projeto-musica-de-caruaru-ira-promover-encontro-de-artistas-locais-nesta-sexta-20","status":"publish","type":"post","link":"https:\/\/blogdoedvaldomagalhaes.com.br\/index.php\/2019\/12\/18\/projeto-musica-de-caruaru-ira-promover-encontro-de-artistas-locais-nesta-sexta-20\/","title":{"rendered":"Projeto &#8220;M\u00fasica de Caruaru&#8221; ir\u00e1 promover encontro de artistas locais nesta sexta (20)"},"content":{"rendered":"<p><span style=\"font-size: inherit;\">A Prefeitura de Caruaru, atrav\u00e9s da Funda\u00e7\u00e3o de Cultura e Turismo de Caruaru (FCTC), realizar\u00e1 junto \u00e0 Associa\u00e7\u00e3o dos Forrozeiros e Trios P\u00e9-de-serra de Caruaru (Asfoc) o \u201cProjeto M\u00fasica de Caruaru\u201d. A iniciativa acontecer\u00e1 na pr\u00f3xima sexta-feira (20), a partir das 18h, na Esta\u00e7\u00e3o Ferrovi\u00e1ria. Todos os artistas musicais de Caruaru est\u00e3o convidados para participar deste evento, que ser\u00e1 um encontro de confraterniza\u00e7\u00e3o entre os m\u00fasicos.<\/span><\/p>\n<p>O \u201cProjeto M\u00fasica de Caruaru\u201d \u00e9 gratuito e aberto ao p\u00fablico. O objetivo \u00e9 proporcionar mensalmente aos m\u00fasicos de diversos ritmos um espa\u00e7o para apresentar seu trabalho, al\u00e9m de levar para a popula\u00e7\u00e3o um momento cultural.<\/p>\n","protected":false},"excerpt":{"rendered":"<p>A Prefeitura de Caruaru, atrav\u00e9s da Funda\u00e7\u00e3o de Cultura e Turismo de Caruaru (FCTC), realizar\u00e1 junto \u00e0 Associa\u00e7\u00e3o dos Forrozeiros&hellip;<\/p>\n","protected":false},"author":1,"featured_media":49793,"comment_status":"open","ping_status":"open","sticky":false,"template":"","format":"standard","meta":{"footnotes":""},"categories":[14120],"tags":[2,16881,16880],"class_list":["post-49792","post","type-post","status-publish","format-standard","has-post-thumbnail","hentry","category-noticias","tag-blog-do-edvaldo-magalhaes","tag-caruaru-e-regiao","tag-projeto-musica-de-caruaru-ira-promover-encontro-de-artistas-locais-nesta-sexta-20"],"_links":{"self":[{"href":"https:\/\/blogdoedvaldomagalhaes.com.br\/index.php\/wp-json\/wp\/v2\/posts\/49792","targetHints":{"allow":["GET"]}}],"collection":[{"href":"https:\/\/blogdoedvaldomagalhaes.com.br\/index.php\/wp-json\/wp\/v2\/posts"}],"about":[{"href":"https:\/\/blogdoedvaldomagalhaes.com.br\/index.php\/wp-json\/wp\/v2\/types\/post"}],"author":[{"embeddable":true,"href":"https:\/\/blogdoedvaldomagalhaes.com.br\/index.php\/wp-json\/wp\/v2\/users\/1"}],"replies":[{"embeddable":true,"href":"https:\/\/blogdoedvaldomagalhaes.com.br\/index.php\/wp-json\/wp\/v2\/comments?post=49792"}],"version-history":[{"count":1,"href":"https:\/\/blogdoedvaldomagalhaes.com.br\/index.php\/wp-json\/wp\/v2\/posts\/49792\/revisions"}],"predecessor-version":[{"id":49794,"href":"https:\/\/blogdoedvaldomagalhaes.com.br\/index.php\/wp-json\/wp\/v2\/posts\/49792\/revisions\/49794"}],"wp:featuredmedia":[{"embeddable":true,"href":"https:\/\/blogdoedvaldomagalhaes.com.br\/index.php\/wp-json\/wp\/v2\/media\/49793"}],"wp:attachment":[{"href":"https:\/\/blogdoedvaldomagalhaes.com.br\/index.php\/wp-json\/wp\/v2\/media?parent=49792"}],"wp:term":[{"taxonomy":"category","embeddable":true,"href":"https:\/\/blogdoedvaldomagalhaes.com.br\/index.php\/wp-json\/wp\/v2\/categories?post=49792"},{"taxonomy":"post_tag","embeddable":true,"href":"https:\/\/blogdoedvaldomagalhaes.com.br\/index.php\/wp-json\/wp\/v2\/tags?post=49792"}],"curies":[{"name":"wp","href":"https:\/\/api.w.org\/{rel}","templated":true}]}}