{"id":49789,"date":"2019-12-18T10:13:01","date_gmt":"2019-12-18T13:13:01","guid":{"rendered":"http:\/\/blogdoedvaldomagalhaes.com.br\/?p=49789"},"modified":"2019-12-18T17:14:51","modified_gmt":"2019-12-18T20:14:51","slug":"policia-civil-deflagra-operacao-minus-em-caruaru-nesta-quarta-18","status":"publish","type":"post","link":"https:\/\/blogdoedvaldomagalhaes.com.br\/index.php\/2019\/12\/18\/policia-civil-deflagra-operacao-minus-em-caruaru-nesta-quarta-18\/","title":{"rendered":"Pol\u00edcia Civil deflagra opera\u00e7\u00e3o \u201cMinus\u201d em Caruaru nesta quarta (18)"},"content":{"rendered":"<p style=\"text-align: justify;\">A Pol\u00edcia Civil deflagrou na manh\u00e3 desta quarta-feira (18), em Caruaru, uma Opera\u00e7\u00e3o de Repress\u00e3o Qualificada, denominada de \u201cMinus\u201d. O objetivo \u00e9 prender integrantes de quadrilha envolvida em roubos, recepta\u00e7\u00e3o, porte e posse ilegal de armas e muni\u00e7\u00f5es.<\/p>\n<p style=\"text-align: justify;\">As investiga\u00e7\u00f5es foram iniciadas no m\u00eas de maio deste ano. Foram cumpridos 8 mandados de pris\u00e3o e 10 mandados de busca e apreens\u00e3o domiciliar, expedidos pela 4\u00aa Vara Criminal da Comarca de Caruaru.<\/p>\n<p style=\"text-align: justify;\">Foram presos na opera\u00e7\u00e3o: S\u00e9rgio Reis de Ara\u00fajo, que \u00e9 considerado o chefe da quadrilha, Sa\u00fa Jos\u00e9 da Silva, Risocl\u00e9cio Mendes da Silva, Thiago Henrique da Silva, David Luis da Silva e os irm\u00e3os Rosembergue Ten\u00f3rio do Nascimento e Rubia Lucia Ten\u00f3rio do Nascimento e durante a opera\u00e7\u00e3o foram apreendidos muitos apetrechos utilizados nos assaltos e v\u00e1rias empresas, como arma de fogo, p\u00e9 de cabra, dinheiro, marreta e outros objetos.<\/p>\n<p style=\"text-align: justify;\">Os alvos dessa quadrilha eram empresas que eles assaltavam, inclusive cometeram esse mesmo tipo de assalto em Caruaru, S\u00e3o Caetano e Toritama, faziam os funcion\u00e1rios e diretores desses estabelecimentos ref\u00e9ns e s\u00f3 deixavam os locais ap\u00f3s conseguirem as m\u00eddias contendo as filmagens da atua\u00e7\u00e3o da quadrilha.<\/p>\n<p style=\"text-align: justify;\">Ap\u00f3s serem submetidos aos exames traumatol\u00f3gicos os presos foram encaminhados ao sistema prisional, os homens para a Penitenci\u00e1ria Juiz Pl\u00e1cido de Souza e a mulher para a Col\u00f4nia Penal Feminina de Bu\u00edque.<\/p>\n\n\n<figure class=\"wp-block-image size-large\"><img loading=\"lazy\" decoding=\"async\" width=\"720\" height=\"530\" src=\"http:\/\/blogdoedvaldomagalhaes.com.br\/wp-content\/uploads\/2019\/12\/IMG-20191218-WA0112.jpg\" alt=\"\" class=\"wp-image-49795\" srcset=\"https:\/\/blogdoedvaldomagalhaes.com.br\/wp-content\/uploads\/2019\/12\/IMG-20191218-WA0112.jpg 720w, https:\/\/blogdoedvaldomagalhaes.com.br\/wp-content\/uploads\/2019\/12\/IMG-20191218-WA0112-300x221.jpg 300w\" sizes=\"auto, (max-width: 720px) 100vw, 720px\" \/><\/figure>\n","protected":false},"excerpt":{"rendered":"<p>A Pol\u00edcia Civil deflagrou na manh\u00e3 desta quarta-feira (18), em Caruaru, uma Opera\u00e7\u00e3o de Repress\u00e3o Qualificada, denominada de \u201cMinus\u201d. O&hellip;<\/p>\n","protected":false},"author":1,"featured_media":49790,"comment_status":"open","ping_status":"open","sticky":false,"template":"","format":"standard","meta":{"footnotes":""},"categories":[14121],"tags":[2,1950,16879],"class_list":["post-49789","post","type-post","status-publish","format-standard","has-post-thumbnail","hentry","category-policial","tag-blog-do-edvaldo-magalhaes","tag-noticias-de-caruaru","tag-policia-civil-deflagra-operacao-minus-em-caruaru-nesta-quarta-18"],"_links":{"self":[{"href":"https:\/\/blogdoedvaldomagalhaes.com.br\/index.php\/wp-json\/wp\/v2\/posts\/49789","targetHints":{"allow":["GET"]}}],"collection":[{"href":"https:\/\/blogdoedvaldomagalhaes.com.br\/index.php\/wp-json\/wp\/v2\/posts"}],"about":[{"href":"https:\/\/blogdoedvaldomagalhaes.com.br\/index.php\/wp-json\/wp\/v2\/types\/post"}],"author":[{"embeddable":true,"href":"https:\/\/blogdoedvaldomagalhaes.com.br\/index.php\/wp-json\/wp\/v2\/users\/1"}],"replies":[{"embeddable":true,"href":"https:\/\/blogdoedvaldomagalhaes.com.br\/index.php\/wp-json\/wp\/v2\/comments?post=49789"}],"version-history":[{"count":3,"href":"https:\/\/blogdoedvaldomagalhaes.com.br\/index.php\/wp-json\/wp\/v2\/posts\/49789\/revisions"}],"predecessor-version":[{"id":49815,"href":"https:\/\/blogdoedvaldomagalhaes.com.br\/index.php\/wp-json\/wp\/v2\/posts\/49789\/revisions\/49815"}],"wp:featuredmedia":[{"embeddable":true,"href":"https:\/\/blogdoedvaldomagalhaes.com.br\/index.php\/wp-json\/wp\/v2\/media\/49790"}],"wp:attachment":[{"href":"https:\/\/blogdoedvaldomagalhaes.com.br\/index.php\/wp-json\/wp\/v2\/media?parent=49789"}],"wp:term":[{"taxonomy":"category","embeddable":true,"href":"https:\/\/blogdoedvaldomagalhaes.com.br\/index.php\/wp-json\/wp\/v2\/categories?post=49789"},{"taxonomy":"post_tag","embeddable":true,"href":"https:\/\/blogdoedvaldomagalhaes.com.br\/index.php\/wp-json\/wp\/v2\/tags?post=49789"}],"curies":[{"name":"wp","href":"https:\/\/api.w.org\/{rel}","templated":true}]}}