{"id":49786,"date":"2019-12-18T09:51:43","date_gmt":"2019-12-18T12:51:43","guid":{"rendered":"http:\/\/blogdoedvaldomagalhaes.com.br\/?p=49786"},"modified":"2019-12-18T09:51:46","modified_gmt":"2019-12-18T12:51:46","slug":"campanha-de-doacao-de-livros-e-realizada-pela-amsa-em-caruaru","status":"publish","type":"post","link":"https:\/\/blogdoedvaldomagalhaes.com.br\/index.php\/2019\/12\/18\/campanha-de-doacao-de-livros-e-realizada-pela-amsa-em-caruaru\/","title":{"rendered":"Campanha de Doa\u00e7\u00e3o de livros  \u00e9 realizada pela AMSA em Caruaru"},"content":{"rendered":"<p style=\"text-align: justify;\">A Associa\u00e7\u00e3o dos Moradores do Severino Afonso &#8211; AMSA, est\u00e1 promovendo uma campanha de doa\u00e7\u00e3o de livros voltada para crian\u00e7as e adultos. O objetivo da iniciativa \u00e9 ajudar a abastecer o acervo da Biblioteca Comunit\u00e1ria Assis Claudino, que dever\u00e1 ser inaugurada em Janeiro na nova estrutura de funcionamento da entidade localizada na avenida Correia de Lima Irm\u00e3o.<\/p>\n<p style=\"text-align: justify;\">O novo espa\u00e7o vai ajudar dois outros projetos da associa\u00e7\u00e3o, um voltado pra alfabetiza\u00e7\u00e3o de idosos e um outro de leitura para com crian\u00e7as. \u00c9 poss\u00edvel tamb\u00e9m realizar a doa\u00e7\u00e3o de materiais did\u00e1ticos e l\u00fadicos.<\/p>\n<p style=\"text-align: justify;\">A campanha est\u00e1 sendo coordenada pela secret\u00e1ria da AMSA, Vaneide Farias. Quem quiser doar, entre em contato pelo WhatsApp (81) 99765-8256.<\/p>\n<p>https:\/\/www.facebook.com\/215740715249187\/posts\/1444174155739164\/<\/p>\n","protected":false},"excerpt":{"rendered":"<p>A Associa\u00e7\u00e3o dos Moradores do Severino Afonso &#8211; AMSA, est\u00e1 promovendo uma campanha de doa\u00e7\u00e3o de livros voltada para crian\u00e7as&hellip;<\/p>\n","protected":false},"author":1,"featured_media":49787,"comment_status":"open","ping_status":"open","sticky":false,"template":"","format":"standard","meta":{"footnotes":""},"categories":[14120],"tags":[2,1950],"class_list":["post-49786","post","type-post","status-publish","format-standard","has-post-thumbnail","hentry","category-noticias","tag-blog-do-edvaldo-magalhaes","tag-noticias-de-caruaru"],"_links":{"self":[{"href":"https:\/\/blogdoedvaldomagalhaes.com.br\/index.php\/wp-json\/wp\/v2\/posts\/49786","targetHints":{"allow":["GET"]}}],"collection":[{"href":"https:\/\/blogdoedvaldomagalhaes.com.br\/index.php\/wp-json\/wp\/v2\/posts"}],"about":[{"href":"https:\/\/blogdoedvaldomagalhaes.com.br\/index.php\/wp-json\/wp\/v2\/types\/post"}],"author":[{"embeddable":true,"href":"https:\/\/blogdoedvaldomagalhaes.com.br\/index.php\/wp-json\/wp\/v2\/users\/1"}],"replies":[{"embeddable":true,"href":"https:\/\/blogdoedvaldomagalhaes.com.br\/index.php\/wp-json\/wp\/v2\/comments?post=49786"}],"version-history":[{"count":1,"href":"https:\/\/blogdoedvaldomagalhaes.com.br\/index.php\/wp-json\/wp\/v2\/posts\/49786\/revisions"}],"predecessor-version":[{"id":49788,"href":"https:\/\/blogdoedvaldomagalhaes.com.br\/index.php\/wp-json\/wp\/v2\/posts\/49786\/revisions\/49788"}],"wp:featuredmedia":[{"embeddable":true,"href":"https:\/\/blogdoedvaldomagalhaes.com.br\/index.php\/wp-json\/wp\/v2\/media\/49787"}],"wp:attachment":[{"href":"https:\/\/blogdoedvaldomagalhaes.com.br\/index.php\/wp-json\/wp\/v2\/media?parent=49786"}],"wp:term":[{"taxonomy":"category","embeddable":true,"href":"https:\/\/blogdoedvaldomagalhaes.com.br\/index.php\/wp-json\/wp\/v2\/categories?post=49786"},{"taxonomy":"post_tag","embeddable":true,"href":"https:\/\/blogdoedvaldomagalhaes.com.br\/index.php\/wp-json\/wp\/v2\/tags?post=49786"}],"curies":[{"name":"wp","href":"https:\/\/api.w.org\/{rel}","templated":true}]}}