{"id":49738,"date":"2019-12-16T20:58:49","date_gmt":"2019-12-16T23:58:49","guid":{"rendered":"http:\/\/blogdoedvaldomagalhaes.com.br\/?p=49738"},"modified":"2019-12-16T21:01:17","modified_gmt":"2019-12-17T00:01:17","slug":"prefeitura-de-caruaru-realiza-o-capacita-consec-nesta-terca-17","status":"publish","type":"post","link":"https:\/\/blogdoedvaldomagalhaes.com.br\/index.php\/2019\/12\/16\/prefeitura-de-caruaru-realiza-o-capacita-consec-nesta-terca-17\/","title":{"rendered":"Prefeitura de Caruaru realiza o Capacita CONSEC nesta ter\u00e7a (17)"},"content":{"rendered":"<p style=\"text-align: justify;\">Nesta ter\u00e7a-feira (17), a Prefeitura de Caruaru, por meio da Secretaria de Ordem P\u00fablica, vai realizar o Capacita CONSEC, evento que contar\u00e1 com participa\u00e7\u00e3o de todos os membros dos CONSECs.<\/p>\n<p style=\"text-align: justify;\">A reuni\u00e3o visa reunir os conselheiros para ampliar o di\u00e1logo e os conhecimentos sobre a import\u00e2ncia da participa\u00e7\u00e3o comunit\u00e1ria na seguran\u00e7a p\u00fablica, bem como apresentar uma presta\u00e7\u00e3o de contas das a\u00e7\u00f5es realizadas ao longo do ano de 2019.<\/p>\n","protected":false},"excerpt":{"rendered":"<p>Nesta ter\u00e7a-feira (17), a Prefeitura de Caruaru, por meio da Secretaria de Ordem P\u00fablica, vai realizar o Capacita CONSEC, evento&hellip;<\/p>\n","protected":false},"author":1,"featured_media":49739,"comment_status":"open","ping_status":"open","sticky":false,"template":"","format":"standard","meta":{"footnotes":""},"categories":[14120],"tags":[2,1950,16861],"class_list":["post-49738","post","type-post","status-publish","format-standard","has-post-thumbnail","hentry","category-noticias","tag-blog-do-edvaldo-magalhaes","tag-noticias-de-caruaru","tag-prefeitura-de-caruaru-realiza-o-capacita-consec-nesta-terca-17"],"_links":{"self":[{"href":"https:\/\/blogdoedvaldomagalhaes.com.br\/index.php\/wp-json\/wp\/v2\/posts\/49738","targetHints":{"allow":["GET"]}}],"collection":[{"href":"https:\/\/blogdoedvaldomagalhaes.com.br\/index.php\/wp-json\/wp\/v2\/posts"}],"about":[{"href":"https:\/\/blogdoedvaldomagalhaes.com.br\/index.php\/wp-json\/wp\/v2\/types\/post"}],"author":[{"embeddable":true,"href":"https:\/\/blogdoedvaldomagalhaes.com.br\/index.php\/wp-json\/wp\/v2\/users\/1"}],"replies":[{"embeddable":true,"href":"https:\/\/blogdoedvaldomagalhaes.com.br\/index.php\/wp-json\/wp\/v2\/comments?post=49738"}],"version-history":[{"count":1,"href":"https:\/\/blogdoedvaldomagalhaes.com.br\/index.php\/wp-json\/wp\/v2\/posts\/49738\/revisions"}],"predecessor-version":[{"id":49740,"href":"https:\/\/blogdoedvaldomagalhaes.com.br\/index.php\/wp-json\/wp\/v2\/posts\/49738\/revisions\/49740"}],"wp:featuredmedia":[{"embeddable":true,"href":"https:\/\/blogdoedvaldomagalhaes.com.br\/index.php\/wp-json\/wp\/v2\/media\/49739"}],"wp:attachment":[{"href":"https:\/\/blogdoedvaldomagalhaes.com.br\/index.php\/wp-json\/wp\/v2\/media?parent=49738"}],"wp:term":[{"taxonomy":"category","embeddable":true,"href":"https:\/\/blogdoedvaldomagalhaes.com.br\/index.php\/wp-json\/wp\/v2\/categories?post=49738"},{"taxonomy":"post_tag","embeddable":true,"href":"https:\/\/blogdoedvaldomagalhaes.com.br\/index.php\/wp-json\/wp\/v2\/tags?post=49738"}],"curies":[{"name":"wp","href":"https:\/\/api.w.org\/{rel}","templated":true}]}}