{"id":49731,"date":"2019-12-16T20:20:09","date_gmt":"2019-12-16T23:20:09","guid":{"rendered":"http:\/\/blogdoedvaldomagalhaes.com.br\/?p=49731"},"modified":"2019-12-16T20:31:26","modified_gmt":"2019-12-16T23:31:26","slug":"pros-se-reune-com-comissao-executiva-municipal-em-caruaru-discute-fortalecimento-e-politicas-publicas-para-a-cidade","status":"publish","type":"post","link":"https:\/\/blogdoedvaldomagalhaes.com.br\/index.php\/2019\/12\/16\/pros-se-reune-com-comissao-executiva-municipal-em-caruaru-discute-fortalecimento-e-politicas-publicas-para-a-cidade\/","title":{"rendered":"PROS se re\u00fane com comiss\u00e3o executiva municipal em Caruaru, discute fortalecimento e pol\u00edticas p\u00fablicas para a cidade"},"content":{"rendered":"<p style=\"text-align: justify;\">Na figura do seu presidente estadual, Jo\u00e3o Fernando Coutinho, o PROS de Pernambuco esteve em Caruaru nesta segunda-feira (16), reunindo-se com a comiss\u00e3o executiva municipal, representada pelo conselheiro titular eleito, Gil Bobinho, e pelo ex-candidato a deputado estadual em 2018 pela sigla, Eduardo Bacana.<\/p>\n<p style=\"text-align: justify;\">Junto de pr\u00e9-candidatos a vereador para as elei\u00e7\u00f5es do ano que vem em Caruaru, Jo\u00e3o Fernando discutiu pol\u00edticas p\u00fablicas para a popula\u00e7\u00e3o, o cen\u00e1rio da pol\u00edtica caruaruense e o fortalecimento da chapa proporcional da legenda para 2020.<\/p>\n<p style=\"text-align: justify;\">Jo\u00e3o Fernando esteve acompanhado do segundo vice-presidente do PROS em Pernambuco e ex-prefeito de Bel\u00e9m de Maria, Wilson Silva, o Dinho.\u00a0<\/p>\n<p style=\"text-align: justify;\">Cachoeirinha<\/p>\n<p style=\"text-align: justify;\">Em sua passagem pelo Agreste do Estado, Jo\u00e3o esteve durante a noite em Cachoeirinha, onde foi recebido por muita festa pela popula\u00e7\u00e3o. Na cidade ele teve 4.222 votos v\u00e1lidos para deputado federal, totalizando 42% que o credenciaram como majorit\u00e1rio.<\/p>\n<p style=\"text-align: justify;\">N\u00e3o de agora, Jo\u00e3o Fernando \u00e9 conhecido na cidade como \u201cJo\u00e3o de Cachoeirinha\u201d devido aos seus servi\u00e7os prestados \u00e0 popula\u00e7\u00e3o \u00e0 \u00e9poca do seu mandato como deputado federal, quando destinou mais de R$ 4,5 milh\u00f5es em emendas para servi\u00e7os como sa\u00fade, cultura e pavimenta\u00e7\u00e3o; al\u00e9m de ter viabilizado a PEC que legalizou a vaquejada, mantendo aquecida a economia local, baseada na produ\u00e7\u00e3o de couro e a\u00e7o.<\/p>\n\n\n<figure class=\"wp-block-image size-large\"><img loading=\"lazy\" decoding=\"async\" width=\"1024\" height=\"769\" src=\"http:\/\/blogdoedvaldomagalhaes.com.br\/wp-content\/uploads\/2019\/12\/IMG-20191216-WA0246-1024x769.jpg\" alt=\"\" class=\"wp-image-49734\" srcset=\"https:\/\/blogdoedvaldomagalhaes.com.br\/wp-content\/uploads\/2019\/12\/IMG-20191216-WA0246-1024x769.jpg 1024w, https:\/\/blogdoedvaldomagalhaes.com.br\/wp-content\/uploads\/2019\/12\/IMG-20191216-WA0246-300x225.jpg 300w, https:\/\/blogdoedvaldomagalhaes.com.br\/wp-content\/uploads\/2019\/12\/IMG-20191216-WA0246-768x577.jpg 768w, https:\/\/blogdoedvaldomagalhaes.com.br\/wp-content\/uploads\/2019\/12\/IMG-20191216-WA0246-160x120.jpg 160w, https:\/\/blogdoedvaldomagalhaes.com.br\/wp-content\/uploads\/2019\/12\/IMG-20191216-WA0246.jpg 1280w\" sizes=\"auto, (max-width: 1024px) 100vw, 1024px\" \/><\/figure>\n\n\n\n<figure class=\"wp-block-image size-large\"><img loading=\"lazy\" decoding=\"async\" width=\"1024\" height=\"769\" src=\"http:\/\/blogdoedvaldomagalhaes.com.br\/wp-content\/uploads\/2019\/12\/IMG-20191216-WA0244-1024x769.jpg\" alt=\"\" class=\"wp-image-49735\" srcset=\"https:\/\/blogdoedvaldomagalhaes.com.br\/wp-content\/uploads\/2019\/12\/IMG-20191216-WA0244-1024x769.jpg 1024w, https:\/\/blogdoedvaldomagalhaes.com.br\/wp-content\/uploads\/2019\/12\/IMG-20191216-WA0244-300x225.jpg 300w, https:\/\/blogdoedvaldomagalhaes.com.br\/wp-content\/uploads\/2019\/12\/IMG-20191216-WA0244-768x577.jpg 768w, https:\/\/blogdoedvaldomagalhaes.com.br\/wp-content\/uploads\/2019\/12\/IMG-20191216-WA0244-160x120.jpg 160w, https:\/\/blogdoedvaldomagalhaes.com.br\/wp-content\/uploads\/2019\/12\/IMG-20191216-WA0244.jpg 1280w\" sizes=\"auto, (max-width: 1024px) 100vw, 1024px\" \/><figcaption>Fotos: Divulga\u00e7\u00e3o <\/figcaption><\/figure>\n","protected":false},"excerpt":{"rendered":"<p>Na figura do seu presidente estadual, Jo\u00e3o Fernando Coutinho, o PROS de Pernambuco esteve em Caruaru nesta segunda-feira (16), reunindo-se&hellip;<\/p>\n","protected":false},"author":1,"featured_media":49732,"comment_status":"open","ping_status":"open","sticky":false,"template":"","format":"standard","meta":{"footnotes":""},"categories":[14122],"tags":[2,16860,1950,16859],"class_list":["post-49731","post","type-post","status-publish","format-standard","has-post-thumbnail","hentry","category-politica","tag-blog-do-edvaldo-magalhaes","tag-discute-fortalecimento-e-politicas-publicas-para-a-cidade","tag-noticias-de-caruaru","tag-pros-se-reune-com-comissao-executiva-municipal-em-caruaru"],"_links":{"self":[{"href":"https:\/\/blogdoedvaldomagalhaes.com.br\/index.php\/wp-json\/wp\/v2\/posts\/49731","targetHints":{"allow":["GET"]}}],"collection":[{"href":"https:\/\/blogdoedvaldomagalhaes.com.br\/index.php\/wp-json\/wp\/v2\/posts"}],"about":[{"href":"https:\/\/blogdoedvaldomagalhaes.com.br\/index.php\/wp-json\/wp\/v2\/types\/post"}],"author":[{"embeddable":true,"href":"https:\/\/blogdoedvaldomagalhaes.com.br\/index.php\/wp-json\/wp\/v2\/users\/1"}],"replies":[{"embeddable":true,"href":"https:\/\/blogdoedvaldomagalhaes.com.br\/index.php\/wp-json\/wp\/v2\/comments?post=49731"}],"version-history":[{"count":2,"href":"https:\/\/blogdoedvaldomagalhaes.com.br\/index.php\/wp-json\/wp\/v2\/posts\/49731\/revisions"}],"predecessor-version":[{"id":49737,"href":"https:\/\/blogdoedvaldomagalhaes.com.br\/index.php\/wp-json\/wp\/v2\/posts\/49731\/revisions\/49737"}],"wp:featuredmedia":[{"embeddable":true,"href":"https:\/\/blogdoedvaldomagalhaes.com.br\/index.php\/wp-json\/wp\/v2\/media\/49732"}],"wp:attachment":[{"href":"https:\/\/blogdoedvaldomagalhaes.com.br\/index.php\/wp-json\/wp\/v2\/media?parent=49731"}],"wp:term":[{"taxonomy":"category","embeddable":true,"href":"https:\/\/blogdoedvaldomagalhaes.com.br\/index.php\/wp-json\/wp\/v2\/categories?post=49731"},{"taxonomy":"post_tag","embeddable":true,"href":"https:\/\/blogdoedvaldomagalhaes.com.br\/index.php\/wp-json\/wp\/v2\/tags?post=49731"}],"curies":[{"name":"wp","href":"https:\/\/api.w.org\/{rel}","templated":true}]}}