{"id":49726,"date":"2019-12-16T19:45:50","date_gmt":"2019-12-16T22:45:50","guid":{"rendered":"http:\/\/blogdoedvaldomagalhaes.com.br\/?p=49726"},"modified":"2019-12-16T19:45:52","modified_gmt":"2019-12-16T22:45:52","slug":"caruaru-city-e-campeao-em-tres-categorias-da-pe-cup-na-arena-de-pernambuco","status":"publish","type":"post","link":"https:\/\/blogdoedvaldomagalhaes.com.br\/index.php\/2019\/12\/16\/caruaru-city-e-campeao-em-tres-categorias-da-pe-cup-na-arena-de-pernambuco\/","title":{"rendered":"Caruaru City \u00e9 campe\u00e3o em tr\u00eas categorias da PE CUP na Arena de Pernambuco"},"content":{"rendered":"<p style=\"text-align: justify;\">O Caruaru City soltou o grito de campe\u00e3o neste domingo (15) na Arena de Pernambuco pelo segundo ano seguido. A escola de futebol do clube conquistou o t\u00edtulo de campe\u00e3o da PE CUP nas categorias sub-8, 9 e 13, ficou com o vice-campeonato na categoria sub-10.<\/p>\n<p style=\"text-align: justify;\">Este ano, o Caruaru City disputou com as categorias sub-8, 9, 10, 11, 12, 13, 14 e 15, ampliando a participa\u00e7\u00e3o em rela\u00e7\u00e3o \u00e0 edi\u00e7\u00e3o anterior. Foram mais 120 atletas, de Caruaru e regi\u00e3o, com idades de 6 a 15 anos, que tiveram a oportunidade de representar o clube numa competi\u00e7\u00e3o de alto n\u00edvel e uma arena de Copa do Mundo. No total, a delega\u00e7\u00e3o caruaruense esteve em mais de 300 pessoas, entre atletas, familiares e comiss\u00e3o t\u00e9cnica.<\/p>\n<p style=\"text-align: justify;\">A PE CUP \u00e9 o maior campeonato de futebol infantil do Nordeste e um dos maiores do pa\u00eds, que foi realizada entre os dias 11 e 15 de dezembro. Participaram mais de 200 equipes do Brasil e do exterior. A competi\u00e7\u00e3o \u00e9 promovida pela Federa\u00e7\u00e3o Pernambucana de Futebol 7 (F7SPE), com aval da Confedera\u00e7\u00e3o Brasileira Fut 7 (CBF7).<\/p>\n\n\n<figure class=\"wp-block-image size-large\"><img loading=\"lazy\" decoding=\"async\" width=\"980\" height=\"567\" src=\"http:\/\/blogdoedvaldomagalhaes.com.br\/wp-content\/uploads\/2019\/12\/IMG-20191216-WA0223.jpg\" alt=\"\" class=\"wp-image-49728\" srcset=\"https:\/\/blogdoedvaldomagalhaes.com.br\/wp-content\/uploads\/2019\/12\/IMG-20191216-WA0223.jpg 980w, https:\/\/blogdoedvaldomagalhaes.com.br\/wp-content\/uploads\/2019\/12\/IMG-20191216-WA0223-300x174.jpg 300w, https:\/\/blogdoedvaldomagalhaes.com.br\/wp-content\/uploads\/2019\/12\/IMG-20191216-WA0223-768x444.jpg 768w\" sizes=\"auto, (max-width: 980px) 100vw, 980px\" \/><\/figure>\n\n\n\n<figure class=\"wp-block-image size-large\"><img loading=\"lazy\" decoding=\"async\" width=\"1024\" height=\"682\" src=\"http:\/\/blogdoedvaldomagalhaes.com.br\/wp-content\/uploads\/2019\/12\/IMG-20191216-WA0222-1024x682.jpg\" alt=\"\" class=\"wp-image-49729\" srcset=\"https:\/\/blogdoedvaldomagalhaes.com.br\/wp-content\/uploads\/2019\/12\/IMG-20191216-WA0222-1024x682.jpg 1024w, https:\/\/blogdoedvaldomagalhaes.com.br\/wp-content\/uploads\/2019\/12\/IMG-20191216-WA0222-300x200.jpg 300w, https:\/\/blogdoedvaldomagalhaes.com.br\/wp-content\/uploads\/2019\/12\/IMG-20191216-WA0222-768x512.jpg 768w, https:\/\/blogdoedvaldomagalhaes.com.br\/wp-content\/uploads\/2019\/12\/IMG-20191216-WA0222.jpg 1280w\" sizes=\"auto, (max-width: 1024px) 100vw, 1024px\" \/><figcaption>Cr\u00e9ditos: Luciano Fotoguia<\/figcaption><\/figure>\n","protected":false},"excerpt":{"rendered":"<p>O Caruaru City soltou o grito de campe\u00e3o neste domingo (15) na Arena de Pernambuco pelo segundo ano seguido. A&hellip;<\/p>\n","protected":false},"author":1,"featured_media":49727,"comment_status":"open","ping_status":"open","sticky":false,"template":"","format":"standard","meta":{"footnotes":""},"categories":[14123],"tags":[2,16858,1950],"class_list":["post-49726","post","type-post","status-publish","format-standard","has-post-thumbnail","hentry","category-futebol","tag-blog-do-edvaldo-magalhaes","tag-caruaru-city-e-campeao-em-tres-categorias-da-pe-cup-na-arena-de-pernambuco","tag-noticias-de-caruaru"],"_links":{"self":[{"href":"https:\/\/blogdoedvaldomagalhaes.com.br\/index.php\/wp-json\/wp\/v2\/posts\/49726","targetHints":{"allow":["GET"]}}],"collection":[{"href":"https:\/\/blogdoedvaldomagalhaes.com.br\/index.php\/wp-json\/wp\/v2\/posts"}],"about":[{"href":"https:\/\/blogdoedvaldomagalhaes.com.br\/index.php\/wp-json\/wp\/v2\/types\/post"}],"author":[{"embeddable":true,"href":"https:\/\/blogdoedvaldomagalhaes.com.br\/index.php\/wp-json\/wp\/v2\/users\/1"}],"replies":[{"embeddable":true,"href":"https:\/\/blogdoedvaldomagalhaes.com.br\/index.php\/wp-json\/wp\/v2\/comments?post=49726"}],"version-history":[{"count":1,"href":"https:\/\/blogdoedvaldomagalhaes.com.br\/index.php\/wp-json\/wp\/v2\/posts\/49726\/revisions"}],"predecessor-version":[{"id":49730,"href":"https:\/\/blogdoedvaldomagalhaes.com.br\/index.php\/wp-json\/wp\/v2\/posts\/49726\/revisions\/49730"}],"wp:featuredmedia":[{"embeddable":true,"href":"https:\/\/blogdoedvaldomagalhaes.com.br\/index.php\/wp-json\/wp\/v2\/media\/49727"}],"wp:attachment":[{"href":"https:\/\/blogdoedvaldomagalhaes.com.br\/index.php\/wp-json\/wp\/v2\/media?parent=49726"}],"wp:term":[{"taxonomy":"category","embeddable":true,"href":"https:\/\/blogdoedvaldomagalhaes.com.br\/index.php\/wp-json\/wp\/v2\/categories?post=49726"},{"taxonomy":"post_tag","embeddable":true,"href":"https:\/\/blogdoedvaldomagalhaes.com.br\/index.php\/wp-json\/wp\/v2\/tags?post=49726"}],"curies":[{"name":"wp","href":"https:\/\/api.w.org\/{rel}","templated":true}]}}