{"id":4972,"date":"2017-08-22T10:58:00","date_gmt":"2017-08-22T13:58:00","guid":{"rendered":"http:\/\/blogdoedvaldomagalhaes.com.br\/index.php\/2017\/08\/22\/ex-presidiario-que-era-travesti\/"},"modified":"2019-02-09T01:40:44","modified_gmt":"2019-02-09T03:40:44","slug":"ex-presidiario-que-era-travesti","status":"publish","type":"post","link":"https:\/\/blogdoedvaldomagalhaes.com.br\/index.php\/2017\/08\/22\/ex-presidiario-que-era-travesti\/","title":{"rendered":"Ex-presidi\u00e1rio que era travesti assassinado em Caruaru"},"content":{"rendered":"<div style=\"background: white; line-height: 18.0pt; margin-bottom: 7.5pt; margin-left: 0cm; margin-right: 0cm; margin-top: 0cm; text-align: justify;\">\n<div class=\"separator\" style=\"clear: both; text-align: center;\">\n<a href=\"https:\/\/3.bp.blogspot.com\/-F7DXm4XB8fs\/WZwNAVGlR9I\/AAAAAAAAcTY\/zaPd702YtYEL1dvsZbUYv23iYaDV1SZbgCLcBGAs\/s1600\/IMG-20170822-WA0009.jpg\" imageanchor=\"1\" style=\"margin-left: 1em; margin-right: 1em;\"><img loading=\"lazy\" decoding=\"async\" border=\"0\" data-original-height=\"720\" data-original-width=\"1280\" height=\"225\" src=\"http:\/\/blogdoedvaldomagalhaes.com.br\/wp-content\/uploads\/2017\/08\/IMG-20170822-WA0009.jpg\" width=\"400\" \/><\/a><\/div>\n<div class=\"separator\" style=\"clear: both; text-align: center;\">\nFoto: Reprodu\u00e7\u00e3o\/WhatsApp<\/div>\n<div style=\"text-align: justify;\">\nO ex-presidi\u00e1rio que era travesti, Lucas Edeweis<b><i>&nbsp;<\/i><\/b>Tertuliano da Silva (conhecido por Hevellin Ferrari), 23 anos de idade, que era andarilho, recentemente ganhou liberdade da Penitenci\u00e1ria Juiz Pl\u00e1cido de Souza, foi assassinado de ontem para hoje, nas proximidades da Ceaca, na estrada do Loteamento Adalgiza Nunes. A v\u00edtima era usu\u00e1ria de crack e j\u00e1 foi preso v\u00e1rias vezes por furto em farm\u00e1cias no centro de Caruaru.<\/p>\n<\/div>\n<\/div>\n<div style=\"background: white; line-height: 18.0pt; margin-bottom: 7.5pt; margin-left: 0cm; margin-right: 0cm; margin-top: 0cm; text-align: justify;\">\n<div class=\"separator\" style=\"clear: both; text-align: center;\">\n<a href=\"https:\/\/1.bp.blogspot.com\/-r-cg0khYQX0\/WZwf7rjke_I\/AAAAAAAAcTo\/StLj56xd3V4sNNgvcV1aTCnWe05BDXK2gCLcBGAs\/s1600\/IMG-20170822-WA0052.jpg\" imageanchor=\"1\" style=\"margin-left: 1em; margin-right: 1em;\"><img loading=\"lazy\" decoding=\"async\" border=\"0\" data-original-height=\"313\" data-original-width=\"470\" height=\"266\" src=\"http:\/\/blogdoedvaldomagalhaes.com.br\/wp-content\/uploads\/2017\/08\/IMG-20170822-WA0052.jpg\" width=\"400\" \/><\/a><\/div>\n<div class=\"separator\" style=\"clear: both; text-align: center;\">\n<\/div>\n<p>Com este homic\u00eddio, sobe para 13 o n\u00famero de pessoas assassinadas<br \/>\nem Caruaru no m\u00eas de agosto e para 189 em 2017.<\/p>\n<p><\/p>\n<div class=\"separator\" style=\"clear: both; text-align: center;\">\n<a href=\"https:\/\/3.bp.blogspot.com\/-pWQT6oGmVTM\/WZxGCLTq1uI\/AAAAAAAAcVY\/Xvg-oUUghLgAW7XPwZa4p65toulkcdyyACLcBGAs\/s1600\/crime.jpg\" imageanchor=\"1\" style=\"margin-left: 1em; margin-right: 1em;\"><img loading=\"lazy\" decoding=\"async\" border=\"0\" data-original-height=\"344\" data-original-width=\"428\" height=\"318\" src=\"http:\/\/blogdoedvaldomagalhaes.com.br\/wp-content\/uploads\/2017\/08\/crime-3.jpg\" width=\"400\" \/><\/a><\/div>\n<p><\/div>\n<div style=\"background: white; box-sizing: border-box; line-height: 18pt; margin: 0cm 0cm 7.5pt; text-align: justify;\">\nNove pessoas foram assassinadas nas \u00faltimas 24 horas em Pernambuco, sendo 4 no Grande Recife e 5 no interior do Estado.<\/div>\n","protected":false},"excerpt":{"rendered":"<p>Foto: Reprodu\u00e7\u00e3o\/WhatsApp O ex-presidi\u00e1rio que era travesti, Lucas Edeweis&nbsp;Tertuliano da Silva (conhecido por Hevellin Ferrari), 23 anos de idade, que&hellip;<\/p>\n","protected":false},"author":1,"featured_media":0,"comment_status":"open","ping_status":"open","sticky":false,"template":"","format":"standard","meta":{"footnotes":""},"categories":[1],"tags":[2,5958,6401,13],"class_list":["post-4972","post","type-post","status-publish","format-standard","hentry","category-sem-categoria","tag-blog-do-edvaldo-magalhaes","tag-ceaca","tag-ex-presidiario-que-era-travesti-assassinado-em-caruaru","tag-policial"],"_links":{"self":[{"href":"https:\/\/blogdoedvaldomagalhaes.com.br\/index.php\/wp-json\/wp\/v2\/posts\/4972","targetHints":{"allow":["GET"]}}],"collection":[{"href":"https:\/\/blogdoedvaldomagalhaes.com.br\/index.php\/wp-json\/wp\/v2\/posts"}],"about":[{"href":"https:\/\/blogdoedvaldomagalhaes.com.br\/index.php\/wp-json\/wp\/v2\/types\/post"}],"author":[{"embeddable":true,"href":"https:\/\/blogdoedvaldomagalhaes.com.br\/index.php\/wp-json\/wp\/v2\/users\/1"}],"replies":[{"embeddable":true,"href":"https:\/\/blogdoedvaldomagalhaes.com.br\/index.php\/wp-json\/wp\/v2\/comments?post=4972"}],"version-history":[{"count":1,"href":"https:\/\/blogdoedvaldomagalhaes.com.br\/index.php\/wp-json\/wp\/v2\/posts\/4972\/revisions"}],"predecessor-version":[{"id":23404,"href":"https:\/\/blogdoedvaldomagalhaes.com.br\/index.php\/wp-json\/wp\/v2\/posts\/4972\/revisions\/23404"}],"wp:attachment":[{"href":"https:\/\/blogdoedvaldomagalhaes.com.br\/index.php\/wp-json\/wp\/v2\/media?parent=4972"}],"wp:term":[{"taxonomy":"category","embeddable":true,"href":"https:\/\/blogdoedvaldomagalhaes.com.br\/index.php\/wp-json\/wp\/v2\/categories?post=4972"},{"taxonomy":"post_tag","embeddable":true,"href":"https:\/\/blogdoedvaldomagalhaes.com.br\/index.php\/wp-json\/wp\/v2\/tags?post=4972"}],"curies":[{"name":"wp","href":"https:\/\/api.w.org\/{rel}","templated":true}]}}