{"id":49716,"date":"2019-12-16T14:18:10","date_gmt":"2019-12-16T17:18:10","guid":{"rendered":"http:\/\/blogdoedvaldomagalhaes.com.br\/?p=49716"},"modified":"2019-12-16T14:18:15","modified_gmt":"2019-12-16T17:18:15","slug":"armazem-do-campo-sera-inaugurado-nesta-terca-17-em-caruaru","status":"publish","type":"post","link":"https:\/\/blogdoedvaldomagalhaes.com.br\/index.php\/2019\/12\/16\/armazem-do-campo-sera-inaugurado-nesta-terca-17-em-caruaru\/","title":{"rendered":"Armaz\u00e9m do Campo ser\u00e1 inaugurado nesta ter\u00e7a (17) em Caruaru"},"content":{"rendered":"<p style=\"text-align: justify;\">O Movimento dos Trabalhadores Rurais Sem Terra (MST) vai realizar nesta ter\u00e7a-feira (17), a partir das 14h, a inaugura\u00e7\u00e3o de uma unidade do Armaz\u00e9m do Campo em Caruaru. Al\u00e9m de comercializar produtos org\u00e2nicos provenientes da agricultura camponesa e familiar, o local conta com livraria, espa\u00e7o caf\u00e9, bar e restaurante. Tamb\u00e9m h\u00e1 um espa\u00e7o para realiza\u00e7\u00e3o de atividades culturais.<\/p>\n<p style=\"text-align: justify;\">O Armaz\u00e9m do Campo j\u00e1 existe em outras cidades a exemplo do Recife. Em Caruaru, o funcionamento ser\u00e1 de segunda a sexta, das 10h \u00e0s 20h, e aos s\u00e1bados das 10h \u00e0s 00h, na Rua Cleto Campelo, n\u00ba 87, Centro.<\/p>\n","protected":false},"excerpt":{"rendered":"<p>O Movimento dos Trabalhadores Rurais Sem Terra (MST) vai realizar nesta ter\u00e7a-feira (17), a partir das 14h, a inaugura\u00e7\u00e3o de&hellip;<\/p>\n","protected":false},"author":1,"featured_media":49717,"comment_status":"open","ping_status":"open","sticky":false,"template":"","format":"standard","meta":{"footnotes":""},"categories":[14120],"tags":[16856,2,1950],"class_list":["post-49716","post","type-post","status-publish","format-standard","has-post-thumbnail","hentry","category-noticias","tag-armazem-do-campo-sera-inaugurado-nesta-terca-17-em-caruaru","tag-blog-do-edvaldo-magalhaes","tag-noticias-de-caruaru"],"_links":{"self":[{"href":"https:\/\/blogdoedvaldomagalhaes.com.br\/index.php\/wp-json\/wp\/v2\/posts\/49716","targetHints":{"allow":["GET"]}}],"collection":[{"href":"https:\/\/blogdoedvaldomagalhaes.com.br\/index.php\/wp-json\/wp\/v2\/posts"}],"about":[{"href":"https:\/\/blogdoedvaldomagalhaes.com.br\/index.php\/wp-json\/wp\/v2\/types\/post"}],"author":[{"embeddable":true,"href":"https:\/\/blogdoedvaldomagalhaes.com.br\/index.php\/wp-json\/wp\/v2\/users\/1"}],"replies":[{"embeddable":true,"href":"https:\/\/blogdoedvaldomagalhaes.com.br\/index.php\/wp-json\/wp\/v2\/comments?post=49716"}],"version-history":[{"count":1,"href":"https:\/\/blogdoedvaldomagalhaes.com.br\/index.php\/wp-json\/wp\/v2\/posts\/49716\/revisions"}],"predecessor-version":[{"id":49718,"href":"https:\/\/blogdoedvaldomagalhaes.com.br\/index.php\/wp-json\/wp\/v2\/posts\/49716\/revisions\/49718"}],"wp:featuredmedia":[{"embeddable":true,"href":"https:\/\/blogdoedvaldomagalhaes.com.br\/index.php\/wp-json\/wp\/v2\/media\/49717"}],"wp:attachment":[{"href":"https:\/\/blogdoedvaldomagalhaes.com.br\/index.php\/wp-json\/wp\/v2\/media?parent=49716"}],"wp:term":[{"taxonomy":"category","embeddable":true,"href":"https:\/\/blogdoedvaldomagalhaes.com.br\/index.php\/wp-json\/wp\/v2\/categories?post=49716"},{"taxonomy":"post_tag","embeddable":true,"href":"https:\/\/blogdoedvaldomagalhaes.com.br\/index.php\/wp-json\/wp\/v2\/tags?post=49716"}],"curies":[{"name":"wp","href":"https:\/\/api.w.org\/{rel}","templated":true}]}}