{"id":4971,"date":"2017-08-22T12:55:00","date_gmt":"2017-08-22T15:55:00","guid":{"rendered":"http:\/\/blogdoedvaldomagalhaes.com.br\/index.php\/2017\/08\/22\/prefeita-raquel-lamenta-nao\/"},"modified":"2019-02-09T01:40:49","modified_gmt":"2019-02-09T03:40:49","slug":"prefeita-raquel-lamenta-nao","status":"publish","type":"post","link":"https:\/\/blogdoedvaldomagalhaes.com.br\/index.php\/2017\/08\/22\/prefeita-raquel-lamenta-nao\/","title":{"rendered":"Prefeita Raquel lamenta n\u00e3o municipaliza\u00e7\u00e3o do Hospital S\u00e3o Sebasti\u00e3o"},"content":{"rendered":"<div class=\"separator\" style=\"clear: both; text-align: center;\">\n<a href=\"https:\/\/3.bp.blogspot.com\/-5yog8GT19as\/WZwqPrtb4SI\/AAAAAAAAcUE\/T4vnk82-UlAOb0HqpzMvHu-nxR3dgM6tACLcBGAs\/s1600\/hss%2B%25281%2529.jpg\" imageanchor=\"1\" style=\"margin-left: 1em; margin-right: 1em;\"><img loading=\"lazy\" decoding=\"async\" border=\"0\" data-original-height=\"266\" data-original-width=\"400\" height=\"265\" src=\"http:\/\/blogdoedvaldomagalhaes.com.br\/wp-content\/uploads\/2017\/08\/hss28129.jpg\" width=\"400\" \/><\/a><\/div>\n<div style=\"text-align: center;\">\n<strong><br \/><\/strong><br \/>\n<\/p>\n<div style=\"text-align: justify;\">\n<strong>Nota da Prefeitura de Caruaru sobre o Hospital S\u00e3o Sebasti\u00e3o:&nbsp;<\/strong>A<br \/>\n prefeita de Caruaru, Raquel Lyra, lamenta a decis\u00e3o pol\u00edtica do Governo<br \/>\n de Pernambuco em n\u00e3o municipalizar o Hospital S\u00e3o Sebasti\u00e3o (HSS), com<br \/>\nperfil em assist\u00eancia de cl\u00ednica m\u00e9dica e cirurgia eletiva. A prefeita<br \/>\nficou sabendo, na manh\u00e3 desta ter\u00e7a-feira, atrav\u00e9s de uma r\u00e1dio local,<br \/>\nda not\u00edcia que o S\u00e3o Sebasti\u00e3o servir\u00e1 de retaguarda do Hospital<br \/>\nRegional do Agreste e ser\u00e1 gerido por uma Organiza\u00e7\u00e3o Social. Raquel<br \/>\ndiz, ainda, que, se o governador Paulo C\u00e2mara, em promessa de campanha,<br \/>\nn\u00e3o cumpriu com sua palavra de municipalizar o hospital, \u00e9, agora,<br \/>\nresponsabilidade da prefeitura e de todos os caruaruenses fiscalizar<br \/>\npara que, pelo menos, seja entregue um hospital equipado e com tudo o<br \/>\nque foi prometido e, sobretudo, que seja aberto at\u00e9 dezembro, como dito<br \/>\npelo secret\u00e1rio estadual de Sa\u00fade, Iran Costa, na entrevista. A prefeita<br \/>\n de Caruaru reitera seu compromisso em trabalhar fortemente pela sa\u00fade<br \/>\ndos caruaruenses e procurar um novo espa\u00e7o para realiza\u00e7\u00e3o das cirurgias<br \/>\n eletivas.<\/div>\n<\/div>\n","protected":false},"excerpt":{"rendered":"<p>Nota da Prefeitura de Caruaru sobre o Hospital S\u00e3o Sebasti\u00e3o:&nbsp;A prefeita de Caruaru, Raquel Lyra, lamenta a decis\u00e3o pol\u00edtica do&hellip;<\/p>\n","protected":false},"author":1,"featured_media":0,"comment_status":"open","ping_status":"open","sticky":false,"template":"","format":"standard","meta":{"footnotes":""},"categories":[1],"tags":[2,3406,6,6400,1229],"class_list":["post-4971","post","type-post","status-publish","format-standard","hentry","category-sem-categoria","tag-blog-do-edvaldo-magalhaes","tag-caruaru","tag-noticias","tag-raquel-lamenta-nao-municipalizacao-do-hospital-sao-sebastiao","tag-raquel-lyra"],"_links":{"self":[{"href":"https:\/\/blogdoedvaldomagalhaes.com.br\/index.php\/wp-json\/wp\/v2\/posts\/4971","targetHints":{"allow":["GET"]}}],"collection":[{"href":"https:\/\/blogdoedvaldomagalhaes.com.br\/index.php\/wp-json\/wp\/v2\/posts"}],"about":[{"href":"https:\/\/blogdoedvaldomagalhaes.com.br\/index.php\/wp-json\/wp\/v2\/types\/post"}],"author":[{"embeddable":true,"href":"https:\/\/blogdoedvaldomagalhaes.com.br\/index.php\/wp-json\/wp\/v2\/users\/1"}],"replies":[{"embeddable":true,"href":"https:\/\/blogdoedvaldomagalhaes.com.br\/index.php\/wp-json\/wp\/v2\/comments?post=4971"}],"version-history":[{"count":1,"href":"https:\/\/blogdoedvaldomagalhaes.com.br\/index.php\/wp-json\/wp\/v2\/posts\/4971\/revisions"}],"predecessor-version":[{"id":23406,"href":"https:\/\/blogdoedvaldomagalhaes.com.br\/index.php\/wp-json\/wp\/v2\/posts\/4971\/revisions\/23406"}],"wp:attachment":[{"href":"https:\/\/blogdoedvaldomagalhaes.com.br\/index.php\/wp-json\/wp\/v2\/media?parent=4971"}],"wp:term":[{"taxonomy":"category","embeddable":true,"href":"https:\/\/blogdoedvaldomagalhaes.com.br\/index.php\/wp-json\/wp\/v2\/categories?post=4971"},{"taxonomy":"post_tag","embeddable":true,"href":"https:\/\/blogdoedvaldomagalhaes.com.br\/index.php\/wp-json\/wp\/v2\/tags?post=4971"}],"curies":[{"name":"wp","href":"https:\/\/api.w.org\/{rel}","templated":true}]}}