{"id":49705,"date":"2019-12-16T10:34:02","date_gmt":"2019-12-16T13:34:02","guid":{"rendered":"http:\/\/blogdoedvaldomagalhaes.com.br\/?p=49705"},"modified":"2019-12-16T10:34:05","modified_gmt":"2019-12-16T13:34:05","slug":"municipio-de-machados-celebra-56-anos-com-entrega-de-premios","status":"publish","type":"post","link":"https:\/\/blogdoedvaldomagalhaes.com.br\/index.php\/2019\/12\/16\/municipio-de-machados-celebra-56-anos-com-entrega-de-premios\/","title":{"rendered":"Munic\u00edpio de Machados celebra 56 anos com entrega de pr\u00eamios"},"content":{"rendered":"<p style=\"text-align: justify;\">O munic\u00edpio de Machados, localizado na regi\u00e3o do Agreste Setentrional de Pernambuco, cerca de 110 km de Recife, festeja 56 anos de Emancipa\u00e7\u00e3o Pol\u00edtica. \u00c0s comemora\u00e7\u00f5es na &#8220;capital da Banana&#8221; v\u00e3o contar com alvorada, gir\u00e2ndola, e apresenta\u00e7\u00f5es culturais, entre elas, Bacamarteiros. A culin\u00e1ria local e artesanato ser\u00e3o expostos no Centro Multicultural, localizado no centro da cidade.<\/p>\n<p style=\"text-align: justify;\">A programa\u00e7\u00e3o tem in\u00edcio \u00e0s 06h com alvorada festiva, gir\u00e2ndola e hasteamento da Bandeira. \u00c0 noite, \u00e0s 19h, acontece, na Igreja Matriz da cidade, uma Missa Solene em A\u00e7\u00e3o de Gra\u00e7as, presidida pelo p\u00e1roco do munic\u00edpio, Pe. Lu\u00eds Jorge. Em seguida, dando continuidade a grade dos festejos, o prefeito Argemiro Pimentel e o vice-prefeito, Juarez Rodrigues, o popular Juarez da Banana, juntamente com toda sua equipe, far\u00e3o homenagem ao ex-prefeito de Bom Jardim &#8211; ainda na \u00e9poca que Machados era distrito deste munic\u00edpio- No\u00e9 Souto Maior. Foi na gest\u00e3o dele que Machados conseguiu sua independ\u00eancia.<\/p>\n<p style=\"text-align: justify;\">Pensando no bem da popula\u00e7\u00e3o, durante as festividades dos 56 anos de emancipa\u00e7\u00e3o pol\u00edtica de Machados, a Secretaria de Sa\u00fade do munic\u00edpio preparou uma programa\u00e7\u00e3o especial com atendimento de sa\u00fade \u00e0 popula\u00e7\u00e3o e com ambul\u00e2ncias a disposi\u00e7\u00e3o de todos, no evento.<\/p>\n<p style=\"text-align: justify;\">A prefeitura, atrav\u00e9s das secretarias de Assist\u00eancia Social, Cultura, Esporte e Turismo, e a de Educa\u00e7\u00e3o, promove shows culturais e apresenta\u00e7\u00f5es teatrais valorizando a cultura local e regional, simbolizando o clima Natalino. Para encerrar a programa\u00e7\u00e3o, a partir das 20h, o gestor junto com os secret\u00e1rios municipais ir\u00e3o realizar a entrega de pr\u00eamios do IPTU PREMIADO, ter\u00e1 cantata natalina e a chegada de papai Noel na Pra\u00e7a Central do munic\u00edpio.<\/p>\n<p style=\"text-align: justify;\">Um pouco da Hist\u00f3ria e da Cultura do munic\u00edpio de Machados<\/p>\n<p style=\"text-align: justify;\">A cidade de Machados est\u00e1 localizada nas terras do antigo Engenho Bom Destino, que pertencia ao munic\u00edpio de Bom Jardim. Pela proximidade ao Engenho Machado (propriedade de uma fam\u00edlia de mesmo nome), o lugar passou a ser chamado de Machados. Em 10 de outubro de 1917 realizou-se a primeira feira livre que, resistindo \u00e0s press\u00f5es de alguns pol\u00edticos da regi\u00e3o, foi se firmando e atraindo a aten\u00e7\u00e3o dos comerciantes das comunidades vizinhas que aqui instalavam suas barracas e comercializavam seus produtos. Na administra\u00e7\u00e3o do prefeito Argemiro Pimentel, os comerciantes e comerci\u00e1rios t\u00eam apoio e incentivo por parte do poder p\u00fablico municipal.<\/p>\n<p style=\"text-align: justify;\">No dia 26 de novembro de 1962, a ALEPE (Assembl\u00e9ia Legislativa de Pernambuco), votou a emenda do projeto n\u00ba 2146 criando o munic\u00edpio de Machados. Esse foi um dos passos mais importantes para nossa liberta\u00e7\u00e3o. Por\u00e9m, o sonho de liberdade s\u00f3 p\u00f4de se tornar realidade no dia 20 de dezembro de 1963, quando foi assinada pelo ent\u00e3o governador Dr. Miguel Arraes de Alencar, a lei estadual n\u00ba 4994, desmembrando definitivamente de Bom Jardim. Na \u00e9poca, o prefeito era No\u00e9 Souto Maior, ele est\u00e1 com 93 anos e conta como foi o processo. Hoje, o Munic\u00edpio de Machados, tem como prefeito, Argemiro Cavalcanti Pimentel, e o vice, Juarez Rodrigues (Juarez da Banana), ambos filiados ao PSB, que est\u00e3o no segundo mandato consecutivo.<\/p>\n<p style=\"text-align: justify;\">Outros destaques s\u00e3o a cultura e a religiosidade da regi\u00e3o. Uma das maiores festas de Machados \u00e9 a de S\u00e3o Sebasti\u00e3o, padroeiro do munic\u00edpio, que sempre \u00e9 comemorada no \u00faltimo domingo de janeiro, no pr\u00f3ximo ano vivenciar\u00e1 102 de F\u00e9 de Tradi\u00e7\u00e3o.<\/p>\n<p style=\"text-align: justify;\">Machados \u00e9 rico no cultivo de frutas e \u00e9 conhecido como a capital da banana, no munic\u00edpio, doces e licores s\u00e3o feitos de banana. Seu Artesanato \u00e9 diversificado, com trabalhos feitos atrav\u00e9s da palha da bananeira, al\u00e9m dos bordados e das pinturas. A educa\u00e7\u00e3o municipal tem se destacado nos \u00faltimos sete anos, na classifica\u00e7\u00e3o do IDEPE (\u00cdndice de Desenvolvimento da Educa\u00e7\u00e3o B\u00e1sica de Pernambuco), Machados est\u00e1 em 3\u00b0 lugar no ranking de crescimento.<\/p>\n\n\n<figure class=\"wp-block-image size-large\"><img loading=\"lazy\" decoding=\"async\" width=\"624\" height=\"468\" src=\"http:\/\/blogdoedvaldomagalhaes.com.br\/wp-content\/uploads\/2019\/12\/IMG-20191216-WA0038.jpg\" alt=\"\" class=\"wp-image-49707\" srcset=\"https:\/\/blogdoedvaldomagalhaes.com.br\/wp-content\/uploads\/2019\/12\/IMG-20191216-WA0038.jpg 624w, https:\/\/blogdoedvaldomagalhaes.com.br\/wp-content\/uploads\/2019\/12\/IMG-20191216-WA0038-300x225.jpg 300w, https:\/\/blogdoedvaldomagalhaes.com.br\/wp-content\/uploads\/2019\/12\/IMG-20191216-WA0038-160x120.jpg 160w\" sizes=\"auto, (max-width: 624px) 100vw, 624px\" \/><\/figure>\n\n\n\n<figure class=\"wp-block-image size-large\"><img loading=\"lazy\" decoding=\"async\" width=\"1024\" height=\"682\" src=\"http:\/\/blogdoedvaldomagalhaes.com.br\/wp-content\/uploads\/2019\/12\/IMG-20191216-WA0039-1024x682.jpg\" alt=\"\" class=\"wp-image-49708\" srcset=\"https:\/\/blogdoedvaldomagalhaes.com.br\/wp-content\/uploads\/2019\/12\/IMG-20191216-WA0039-1024x682.jpg 1024w, https:\/\/blogdoedvaldomagalhaes.com.br\/wp-content\/uploads\/2019\/12\/IMG-20191216-WA0039-300x200.jpg 300w, https:\/\/blogdoedvaldomagalhaes.com.br\/wp-content\/uploads\/2019\/12\/IMG-20191216-WA0039-768x512.jpg 768w, https:\/\/blogdoedvaldomagalhaes.com.br\/wp-content\/uploads\/2019\/12\/IMG-20191216-WA0039.jpg 1280w\" sizes=\"auto, (max-width: 1024px) 100vw, 1024px\" \/><\/figure>\n\n\n\n<figure class=\"wp-block-image size-large\"><img loading=\"lazy\" decoding=\"async\" width=\"1024\" height=\"782\" src=\"http:\/\/blogdoedvaldomagalhaes.com.br\/wp-content\/uploads\/2019\/12\/IMG-20191216-WA0040-1024x782.jpg\" alt=\"\" class=\"wp-image-49709\" srcset=\"https:\/\/blogdoedvaldomagalhaes.com.br\/wp-content\/uploads\/2019\/12\/IMG-20191216-WA0040-1024x782.jpg 1024w, https:\/\/blogdoedvaldomagalhaes.com.br\/wp-content\/uploads\/2019\/12\/IMG-20191216-WA0040-300x229.jpg 300w, https:\/\/blogdoedvaldomagalhaes.com.br\/wp-content\/uploads\/2019\/12\/IMG-20191216-WA0040-768x587.jpg 768w, https:\/\/blogdoedvaldomagalhaes.com.br\/wp-content\/uploads\/2019\/12\/IMG-20191216-WA0040.jpg 1280w\" sizes=\"auto, (max-width: 1024px) 100vw, 1024px\" \/><\/figure>\n","protected":false},"excerpt":{"rendered":"<p>O munic\u00edpio de Machados, localizado na regi\u00e3o do Agreste Setentrional de Pernambuco, cerca de 110 km de Recife, festeja 56&hellip;<\/p>\n","protected":false},"author":1,"featured_media":49706,"comment_status":"open","ping_status":"open","sticky":false,"template":"","format":"standard","meta":{"footnotes":""},"categories":[14120],"tags":[2,16854],"class_list":["post-49705","post","type-post","status-publish","format-standard","has-post-thumbnail","hentry","category-noticias","tag-blog-do-edvaldo-magalhaes","tag-municipio-de-machados-celebra-56-anos-com-entrega-de-premios"],"_links":{"self":[{"href":"https:\/\/blogdoedvaldomagalhaes.com.br\/index.php\/wp-json\/wp\/v2\/posts\/49705","targetHints":{"allow":["GET"]}}],"collection":[{"href":"https:\/\/blogdoedvaldomagalhaes.com.br\/index.php\/wp-json\/wp\/v2\/posts"}],"about":[{"href":"https:\/\/blogdoedvaldomagalhaes.com.br\/index.php\/wp-json\/wp\/v2\/types\/post"}],"author":[{"embeddable":true,"href":"https:\/\/blogdoedvaldomagalhaes.com.br\/index.php\/wp-json\/wp\/v2\/users\/1"}],"replies":[{"embeddable":true,"href":"https:\/\/blogdoedvaldomagalhaes.com.br\/index.php\/wp-json\/wp\/v2\/comments?post=49705"}],"version-history":[{"count":1,"href":"https:\/\/blogdoedvaldomagalhaes.com.br\/index.php\/wp-json\/wp\/v2\/posts\/49705\/revisions"}],"predecessor-version":[{"id":49710,"href":"https:\/\/blogdoedvaldomagalhaes.com.br\/index.php\/wp-json\/wp\/v2\/posts\/49705\/revisions\/49710"}],"wp:featuredmedia":[{"embeddable":true,"href":"https:\/\/blogdoedvaldomagalhaes.com.br\/index.php\/wp-json\/wp\/v2\/media\/49706"}],"wp:attachment":[{"href":"https:\/\/blogdoedvaldomagalhaes.com.br\/index.php\/wp-json\/wp\/v2\/media?parent=49705"}],"wp:term":[{"taxonomy":"category","embeddable":true,"href":"https:\/\/blogdoedvaldomagalhaes.com.br\/index.php\/wp-json\/wp\/v2\/categories?post=49705"},{"taxonomy":"post_tag","embeddable":true,"href":"https:\/\/blogdoedvaldomagalhaes.com.br\/index.php\/wp-json\/wp\/v2\/tags?post=49705"}],"curies":[{"name":"wp","href":"https:\/\/api.w.org\/{rel}","templated":true}]}}