{"id":497,"date":"2018-12-06T20:47:00","date_gmt":"2018-12-06T22:47:00","guid":{"rendered":"http:\/\/blogdoedvaldomagalhaes.com.br\/index.php\/2018\/12\/06\/veja-o-projeto-elaborado-pelo-diretor\/"},"modified":"2019-02-09T02:44:53","modified_gmt":"2019-02-09T04:44:53","slug":"veja-o-projeto-elaborado-pelo-diretor","status":"publish","type":"post","link":"https:\/\/blogdoedvaldomagalhaes.com.br\/index.php\/2018\/12\/06\/veja-o-projeto-elaborado-pelo-diretor\/","title":{"rendered":"Veja o projeto elaborado pelo diretor de marketing do Central para o Lacerd\u00e3o"},"content":{"rendered":"<div class=\"separator\" style=\"clear: both; text-align: center;\">\n<a href=\"https:\/\/1.bp.blogspot.com\/-Yp5ZUNlgEyo\/XAmKRP8K1iI\/AAAAAAAA_LI\/AthUFEbfTcwFQSOBJDWhLazJK0arIpOGwCLcBGAs\/s1600\/central.jpg\" imageanchor=\"1\" style=\"margin-left: 1em; margin-right: 1em;\"><img loading=\"lazy\" decoding=\"async\" border=\"0\" data-original-height=\"960\" data-original-width=\"960\" height=\"640\" src=\"http:\/\/blogdoedvaldomagalhaes.com.br\/wp-content\/uploads\/2018\/12\/central.jpg\" width=\"640\" \/><\/a><\/div>\n<div class=\"separator\" style=\"clear: both; text-align: center;\">\nImagem: Central S.C.\/Divulga\u00e7\u00e3o<\/div>\n<p><\/p>\n<div style=\"text-align: justify;\">\nO diretor de marketing do Central de Caruaru, Caetano Neto, elaborou um excelente projeto para a pintura do Est\u00e1dio Luiz Jos\u00e9 de Lacerda (Lacerd\u00e3o). A nova pintura ser\u00e1 realizada pelas Tintas Lux.<\/div>\n<div style=\"text-align: justify;\">\n<\/div>\n<div style=\"text-align: justify;\">\nA empresa vai disponibilizar o material, enquanto o clube ficar\u00e1 respons\u00e1vel pela m\u00e3o de obra.<\/div>\n<div style=\"text-align: justify;\">\n<\/div>\n<div style=\"text-align: justify;\">\nA pintura das arquibancadas come\u00e7a na pr\u00f3xima semana.<\/p>\n<p><\/p>\n<div class=\"separator\" style=\"clear: both; text-align: center;\">\n<a href=\"https:\/\/3.bp.blogspot.com\/-X5Wb9wnnm54\/XAmLRETuGuI\/AAAAAAAA_LQ\/vx6ddmzb8PslMpGel9KspJ5tNc7q-XSTwCLcBGAs\/s1600\/csc.jpg\" imageanchor=\"1\" style=\"margin-left: 1em; margin-right: 1em;\"><img loading=\"lazy\" decoding=\"async\" border=\"0\" data-original-height=\"720\" data-original-width=\"960\" height=\"480\" src=\"http:\/\/blogdoedvaldomagalhaes.com.br\/wp-content\/uploads\/2018\/12\/csc.jpg\" width=\"640\" \/><\/a><\/div>\n<div class=\"separator\" style=\"clear: both; text-align: center;\">\nFoto: Central S.C.\/Divulga\u00e7\u00e3o<\/div>\n<p>\nO Central Sport Club recebeu na tarde dessa quarta-feira (05) a visita do agr\u00f4nomo Gabriel Vogel.&nbsp;O mesmo fez uma vistoria no gramado do Est\u00e1dio Lacerd\u00e3o a servi\u00e7o da empresa Maristela Kuln que presta servi\u00e7o a CBF.<\/p>\n<p>A visita aconteceu em virtude de que o Central vai disputar a Copa do Brasil e far\u00e1 o seu jogo na primeira fase em casa.<\/p>\n<p>O agr\u00f4nomo est\u00e1 visitando os est\u00e1dios que v\u00e3o acontecer as partidas da Copa do Brasil 2019.<\/p>\n<p>\nGabriel gostou do que viu e adiantou que n\u00e3o ser\u00e1 problema de a Patativa fazer seu jogo em casa.&nbsp;<\/p>\n<p>Informa\u00e7\u00f5es de Warley Santos\/Diretor de Comunica\u00e7\u00e3o do Central S.C.<\/p>\n<p><\/p>\n<div>\n<\/div>\n<\/div>\n<div style=\"text-align: justify;\">\n<\/div>\n","protected":false},"excerpt":{"rendered":"<p>Imagem: Central S.C.\/Divulga\u00e7\u00e3o O diretor de marketing do Central de Caruaru, Caetano Neto, elaborou um excelente projeto para a pintura&hellip;<\/p>\n","protected":false},"author":1,"featured_media":0,"comment_status":"open","ping_status":"open","sticky":false,"template":"","format":"standard","meta":{"footnotes":""},"categories":[1],"tags":[2,3,407],"class_list":["post-497","post","type-post","status-publish","format-standard","hentry","category-sem-categoria","tag-blog-do-edvaldo-magalhaes","tag-futebol","tag-veja-o-projeto-elaborado-pelo-diretor-de-marketing-do-central-para-o-lacerdao"],"_links":{"self":[{"href":"https:\/\/blogdoedvaldomagalhaes.com.br\/index.php\/wp-json\/wp\/v2\/posts\/497","targetHints":{"allow":["GET"]}}],"collection":[{"href":"https:\/\/blogdoedvaldomagalhaes.com.br\/index.php\/wp-json\/wp\/v2\/posts"}],"about":[{"href":"https:\/\/blogdoedvaldomagalhaes.com.br\/index.php\/wp-json\/wp\/v2\/types\/post"}],"author":[{"embeddable":true,"href":"https:\/\/blogdoedvaldomagalhaes.com.br\/index.php\/wp-json\/wp\/v2\/users\/1"}],"replies":[{"embeddable":true,"href":"https:\/\/blogdoedvaldomagalhaes.com.br\/index.php\/wp-json\/wp\/v2\/comments?post=497"}],"version-history":[{"count":1,"href":"https:\/\/blogdoedvaldomagalhaes.com.br\/index.php\/wp-json\/wp\/v2\/posts\/497\/revisions"}],"predecessor-version":[{"id":36565,"href":"https:\/\/blogdoedvaldomagalhaes.com.br\/index.php\/wp-json\/wp\/v2\/posts\/497\/revisions\/36565"}],"wp:attachment":[{"href":"https:\/\/blogdoedvaldomagalhaes.com.br\/index.php\/wp-json\/wp\/v2\/media?parent=497"}],"wp:term":[{"taxonomy":"category","embeddable":true,"href":"https:\/\/blogdoedvaldomagalhaes.com.br\/index.php\/wp-json\/wp\/v2\/categories?post=497"},{"taxonomy":"post_tag","embeddable":true,"href":"https:\/\/blogdoedvaldomagalhaes.com.br\/index.php\/wp-json\/wp\/v2\/tags?post=497"}],"curies":[{"name":"wp","href":"https:\/\/api.w.org\/{rel}","templated":true}]}}