{"id":4964,"date":"2017-08-22T22:45:00","date_gmt":"2017-08-23T01:45:00","guid":{"rendered":"http:\/\/blogdoedvaldomagalhaes.com.br\/index.php\/2017\/08\/22\/gerencia-de-protecao-animal-de-caruaru-2\/"},"modified":"2019-02-09T01:40:55","modified_gmt":"2019-02-09T03:40:55","slug":"gerencia-de-protecao-animal-de-caruaru-2","status":"publish","type":"post","link":"https:\/\/blogdoedvaldomagalhaes.com.br\/index.php\/2017\/08\/22\/gerencia-de-protecao-animal-de-caruaru-2\/","title":{"rendered":"Ger\u00eancia de Prote\u00e7\u00e3o Animal de Caruaru precisa de jornais"},"content":{"rendered":"<div class=\"separator\" style=\"clear: both; text-align: center;\">\n<\/div>\n<div class=\"separator\" style=\"clear: both; text-align: center;\">\n<a href=\"https:\/\/1.bp.blogspot.com\/-OMHLqTXUWjE\/WZy1NTPiftI\/AAAAAAAAcW8\/uY6Si8sDiEk3drb6k5ucWM2LP019mHBUQCLcBGAs\/s1600\/gatos.JPG\" imageanchor=\"1\" style=\"margin-left: 1em; margin-right: 1em;\"><img loading=\"lazy\" decoding=\"async\" border=\"0\" data-original-height=\"1064\" data-original-width=\"1600\" height=\"212\" src=\"http:\/\/blogdoedvaldomagalhaes.com.br\/wp-content\/uploads\/2017\/08\/gatos.jpg\" width=\"320\" \/><\/a><\/div>\n<div class=\"separator\" style=\"clear: both; text-align: center;\">\n<\/div>\n<div class=\"separator\" style=\"clear: both; text-align: center;\">\n<\/div>\n<div class=\"MsoNormal\" style=\"text-align: justify;\">\nA Ger\u00eancia de Prote\u00e7\u00e3o<br \/>\nAnimal (GPA), da Secretaria de Servi\u00e7os P\u00fablicos, est\u00e1 precisando de jornais,<br \/>\npara serem utilizados na limpeza dos ambientes onde ficam alojados os animais.<br \/>\nOs interessados em contribuir podem deixar os jornais nos seguintes pontos de<br \/>\narrecada\u00e7\u00e3o:<\/div>\n<div class=\"MsoNormal\" style=\"text-align: justify;\">\n<\/div>\n<div class=\"MsoNormal\" style=\"text-align: justify;\">\n&#8211; T\u00e9rreo da Prefeitura<br \/>\nMunicipal (Pal\u00e1cio Jaime Nejaim), Pra\u00e7a Teot\u00f4nio Vilela, Centro;<\/div>\n<div class=\"MsoNormal\" style=\"text-align: justify;\">\n<\/div>\n<div class=\"MsoNormal\" style=\"text-align: justify;\">\n&#8211; Secretaria de Servi\u00e7os<br \/>\nP\u00fablicos, no Bloco C, que fica na rua Rafael Cavalcanti, S\/N, Bairro<br \/>\nPinheir\u00f3polis (em frente ao antigo Forroz\u00e3o);<\/div>\n<div class=\"MsoNormal\" style=\"text-align: justify;\">\n<\/div>\n<div class=\"MsoNormal\" style=\"text-align: justify;\">\n&#8211; Sede da Ger\u00eancia de<br \/>\nProte\u00e7\u00e3o Animal, localizada na Avenida R\u00e1dio Cultura do Nordeste, 1000, Bairro<br \/>\nIndian\u00f3polis (por tr\u00e1s do Caruaru Shopping e ao lado da R\u00e1dio Cultura).<\/div>\n<div class=\"MsoNormal\" style=\"text-align: justify;\">\n<\/div>\n<p><\/p>\n<div class=\"MsoNormal\" style=\"text-align: justify;\">\nA GPA tamb\u00e9m poder\u00e1 fazer o recolhimento em<br \/>\ndomic\u00edlio. Basta ligar para o 3724-0333 e informar o endere\u00e7o.<\/div>\n","protected":false},"excerpt":{"rendered":"<p>A Ger\u00eancia de Prote\u00e7\u00e3o Animal (GPA), da Secretaria de Servi\u00e7os P\u00fablicos, est\u00e1 precisando de jornais, para serem utilizados na limpeza&hellip;<\/p>\n","protected":false},"author":1,"featured_media":0,"comment_status":"open","ping_status":"open","sticky":false,"template":"","format":"standard","meta":{"footnotes":""},"categories":[1],"tags":[1527,2,6387,6,1950],"class_list":["post-4964","post","type-post","status-publish","format-standard","hentry","category-sem-categoria","tag-bairro-indianopolis","tag-blog-do-edvaldo-magalhaes","tag-gerencia-de-protecao-animal-de-caruaru-precisa-de-jornais","tag-noticias","tag-noticias-de-caruaru"],"_links":{"self":[{"href":"https:\/\/blogdoedvaldomagalhaes.com.br\/index.php\/wp-json\/wp\/v2\/posts\/4964","targetHints":{"allow":["GET"]}}],"collection":[{"href":"https:\/\/blogdoedvaldomagalhaes.com.br\/index.php\/wp-json\/wp\/v2\/posts"}],"about":[{"href":"https:\/\/blogdoedvaldomagalhaes.com.br\/index.php\/wp-json\/wp\/v2\/types\/post"}],"author":[{"embeddable":true,"href":"https:\/\/blogdoedvaldomagalhaes.com.br\/index.php\/wp-json\/wp\/v2\/users\/1"}],"replies":[{"embeddable":true,"href":"https:\/\/blogdoedvaldomagalhaes.com.br\/index.php\/wp-json\/wp\/v2\/comments?post=4964"}],"version-history":[{"count":1,"href":"https:\/\/blogdoedvaldomagalhaes.com.br\/index.php\/wp-json\/wp\/v2\/posts\/4964\/revisions"}],"predecessor-version":[{"id":23420,"href":"https:\/\/blogdoedvaldomagalhaes.com.br\/index.php\/wp-json\/wp\/v2\/posts\/4964\/revisions\/23420"}],"wp:attachment":[{"href":"https:\/\/blogdoedvaldomagalhaes.com.br\/index.php\/wp-json\/wp\/v2\/media?parent=4964"}],"wp:term":[{"taxonomy":"category","embeddable":true,"href":"https:\/\/blogdoedvaldomagalhaes.com.br\/index.php\/wp-json\/wp\/v2\/categories?post=4964"},{"taxonomy":"post_tag","embeddable":true,"href":"https:\/\/blogdoedvaldomagalhaes.com.br\/index.php\/wp-json\/wp\/v2\/tags?post=4964"}],"curies":[{"name":"wp","href":"https:\/\/api.w.org\/{rel}","templated":true}]}}