{"id":496,"date":"2018-12-06T22:55:00","date_gmt":"2018-12-07T00:55:00","guid":{"rendered":"http:\/\/blogdoedvaldomagalhaes.com.br\/index.php\/2018\/12\/06\/tony-gel-e-diplomado-para-mais-u\/"},"modified":"2019-02-09T02:44:53","modified_gmt":"2019-02-09T04:44:53","slug":"tony-gel-e-diplomado-para-mais-u","status":"publish","type":"post","link":"https:\/\/blogdoedvaldomagalhaes.com.br\/index.php\/2018\/12\/06\/tony-gel-e-diplomado-para-mais-u\/","title":{"rendered":"Tony Gel \u00e9 diplomado para mais um mandato na Alepe"},"content":{"rendered":"<div class=\"separator\" style=\"clear: both; text-align: center;\">\n<a href=\"https:\/\/4.bp.blogspot.com\/-t3EnwM0xyz0\/XAmorqWKToI\/AAAAAAAA_LY\/gNm8VCmCsckmp4_Sei93acP4YYtKYYN6QCLcBGAs\/s1600\/IMG-20181206-WA0179.jpg\" imageanchor=\"1\" style=\"margin-left: 1em; margin-right: 1em;\"><img loading=\"lazy\" decoding=\"async\" border=\"0\" data-original-height=\"1280\" data-original-width=\"1027\" height=\"640\" src=\"http:\/\/blogdoedvaldomagalhaes.com.br\/wp-content\/uploads\/2018\/12\/IMG-20181206-WA0179.jpg\" width=\"510\" \/><\/a><\/div>\n<div class=\"separator\" style=\"clear: both; text-align: center;\">\nFoto: Divulga\u00e7\u00e3o<\/div>\n<div style=\"text-align: justify;\">\n<\/div>\n<div style=\"text-align: justify;\">\nO Deputado Estadual Tony Gel (MDB), foi diplomado pelo Tribunal Regional Eleitoral, TRE, na tarde desta quinta-feira, 06, para cumprir mais um mandato na Assembleia Legislativa do Estado.<\/div>\n<div style=\"text-align: justify;\">\n<\/div>\n<div style=\"text-align: justify;\">\nEsse \u00e9 o 3\u00b0 mandato seguido de Tony na Casa Joaquim Nabuco. Em 2010, o parlamentar disputou pelo DEM. J\u00e1 em 2014 e 2018, o parlamentar que representa Caruaru e o Agreste, disputou pelo MDB, onde fez dobradinha com Jarbas Vasconcelos e Raul Henry respectivamente.<\/div>\n<div style=\"text-align: justify;\">\n<\/div>\n<div style=\"text-align: justify;\">\nCom atua\u00e7\u00e3o voltada para as \u00e1reas da seguran\u00e7a, sa\u00fade e abastecimento de \u00e1gua, Tony Gel chega para esse novo mandato, bem forte. E tido tamb\u00e9m como um dos principais aliados do Governador Paulo C\u00e2mara na Alepe.<\/div>\n<div style=\"text-align: justify;\">\n<\/div>\n<div style=\"text-align: justify;\">\nInforma\u00e7\u00f5es da Assessoria.<\/div>\n<div style=\"text-align: justify;\">\n<\/div>\n","protected":false},"excerpt":{"rendered":"<p>Foto: Divulga\u00e7\u00e3o O Deputado Estadual Tony Gel (MDB), foi diplomado pelo Tribunal Regional Eleitoral, TRE, na tarde desta quinta-feira, 06,&hellip;<\/p>\n","protected":false},"author":1,"featured_media":0,"comment_status":"open","ping_status":"open","sticky":false,"template":"","format":"standard","meta":{"footnotes":""},"categories":[1],"tags":[2,20,406],"class_list":["post-496","post","type-post","status-publish","format-standard","hentry","category-sem-categoria","tag-blog-do-edvaldo-magalhaes","tag-politica","tag-tony-gel-e-diplomado-para-mais-um-mandato-na-alepe"],"_links":{"self":[{"href":"https:\/\/blogdoedvaldomagalhaes.com.br\/index.php\/wp-json\/wp\/v2\/posts\/496","targetHints":{"allow":["GET"]}}],"collection":[{"href":"https:\/\/blogdoedvaldomagalhaes.com.br\/index.php\/wp-json\/wp\/v2\/posts"}],"about":[{"href":"https:\/\/blogdoedvaldomagalhaes.com.br\/index.php\/wp-json\/wp\/v2\/types\/post"}],"author":[{"embeddable":true,"href":"https:\/\/blogdoedvaldomagalhaes.com.br\/index.php\/wp-json\/wp\/v2\/users\/1"}],"replies":[{"embeddable":true,"href":"https:\/\/blogdoedvaldomagalhaes.com.br\/index.php\/wp-json\/wp\/v2\/comments?post=496"}],"version-history":[{"count":1,"href":"https:\/\/blogdoedvaldomagalhaes.com.br\/index.php\/wp-json\/wp\/v2\/posts\/496\/revisions"}],"predecessor-version":[{"id":36567,"href":"https:\/\/blogdoedvaldomagalhaes.com.br\/index.php\/wp-json\/wp\/v2\/posts\/496\/revisions\/36567"}],"wp:attachment":[{"href":"https:\/\/blogdoedvaldomagalhaes.com.br\/index.php\/wp-json\/wp\/v2\/media?parent=496"}],"wp:term":[{"taxonomy":"category","embeddable":true,"href":"https:\/\/blogdoedvaldomagalhaes.com.br\/index.php\/wp-json\/wp\/v2\/categories?post=496"},{"taxonomy":"post_tag","embeddable":true,"href":"https:\/\/blogdoedvaldomagalhaes.com.br\/index.php\/wp-json\/wp\/v2\/tags?post=496"}],"curies":[{"name":"wp","href":"https:\/\/api.w.org\/{rel}","templated":true}]}}