{"id":49396,"date":"2019-12-10T12:13:29","date_gmt":"2019-12-10T15:13:29","guid":{"rendered":"http:\/\/blogdoedvaldomagalhaes.com.br\/?p=49396"},"modified":"2019-12-10T12:13:33","modified_gmt":"2019-12-10T15:13:33","slug":"espetaculo-a-noite-do-menino-deus-sera-apresentado-em-caruaru-nesta-terca-10","status":"publish","type":"post","link":"https:\/\/blogdoedvaldomagalhaes.com.br\/index.php\/2019\/12\/10\/espetaculo-a-noite-do-menino-deus-sera-apresentado-em-caruaru-nesta-terca-10\/","title":{"rendered":"Espet\u00e1culo &#8220;A Noite do Menino Deus&#8221; ser\u00e1 apresentado em Caruaru nesta ter\u00e7a (10)"},"content":{"rendered":"<p style=\"text-align: justify;\"><span style=\"font-size: inherit;\">A Prefeitura de Caruaru, atrav\u00e9s da Secretaria de Desenvolvimento Social e Direitos Humanos (SDSDH), realiza, nesta ter\u00e7a-feira (10) o espet\u00e1culo &#8220;A Noite do Menino Deus&#8221;. A apresenta\u00e7\u00e3o ser\u00e1 feita pelo grupo do Ballet Municipal de Caruaru, uma a\u00e7\u00e3o do Servi\u00e7o de Conviv\u00eancia e Fortalecimento de V\u00ednculos (SCFV) e faz parte da programa\u00e7\u00e3o do Caruaru Terra Natal.<\/span><\/p>\n<p style=\"text-align: justify;\">O espet\u00e1culo \u00e9 inspirado na obra &#8220;Baile do Menino Deus&#8221;, de Ronaldo Correia de Brito e Francisco Assis Lima. Na referida obra, o Natal n\u00e3o valoriza as compras nem as comidas da festa, mas destaca o Menino Deus e o que ele representa, como s\u00edmbolo do renascimento e da esperan\u00e7a.<\/p>\n<p style=\"text-align: justify;\">Desta forma, o Ballet Municipal de Caruaru traz ao palco uma grande homenagem aos mestres da cultura popular, que dedicam suas vidas a perpetua\u00e7\u00e3o das nossas tradi\u00e7\u00f5es e de nossa identidade cultural. A apresenta\u00e7\u00e3o ser\u00e1 a partir das 19h, no Centro de Conven\u00e7\u00f5es do Senac. O acesso \u00e9 gratuito.<\/p>\n<p style=\"text-align: justify;\">A\u00e7\u00f5es paralelas<\/p>\n<p style=\"text-align: justify;\">Na mesma noite, ser\u00e1 feita a entrega do Pr\u00eamio Defensor (a) dos Direitos Humanos, em alus\u00e3o aos 71 anos da Declara\u00e7\u00e3o Universal dos Direitos Humanos. Haver\u00e1 ainda a Exposi\u00e7\u00e3o Fotogr\u00e1fica \u201cLabutas\u201d, que registra os diversos \u00e2mbitos de trabalho do meio campezino, desenvolvida pelos grupos da oficina de fotografia de crian\u00e7as e adolescentes dos Servi\u00e7os de Conviv\u00eancia e Fortalecimento de V\u00ednculos de Pau Santo e Xicuru.<\/p>\n<p style=\"text-align: justify;\">A ocasi\u00e3o tamb\u00e9m contar\u00e1 com o lan\u00e7amento o projeto \u201cPrimeiros Passos\u201d que al\u00e9m de fortalecer o atendimento \u00e0s gestantes, inclui crian\u00e7as na primeira inf\u00e2ncia &#8211; que compreende dos 3 aos 6 anos de idade &#8211; em turmas de ballet cl\u00e1ssico no SCFV.<\/p>\n","protected":false},"excerpt":{"rendered":"<p>A Prefeitura de Caruaru, atrav\u00e9s da Secretaria de Desenvolvimento Social e Direitos Humanos (SDSDH), realiza, nesta ter\u00e7a-feira (10) o espet\u00e1culo&hellip;<\/p>\n","protected":false},"author":1,"featured_media":49397,"comment_status":"open","ping_status":"open","sticky":false,"template":"","format":"standard","meta":{"footnotes":""},"categories":[14120],"tags":[2,16791,1950],"class_list":["post-49396","post","type-post","status-publish","format-standard","has-post-thumbnail","hentry","category-noticias","tag-blog-do-edvaldo-magalhaes","tag-espetaculo-a-noite-do-menino-deus-sera-apresentado-em-caruaru-nesta-terca-10","tag-noticias-de-caruaru"],"_links":{"self":[{"href":"https:\/\/blogdoedvaldomagalhaes.com.br\/index.php\/wp-json\/wp\/v2\/posts\/49396","targetHints":{"allow":["GET"]}}],"collection":[{"href":"https:\/\/blogdoedvaldomagalhaes.com.br\/index.php\/wp-json\/wp\/v2\/posts"}],"about":[{"href":"https:\/\/blogdoedvaldomagalhaes.com.br\/index.php\/wp-json\/wp\/v2\/types\/post"}],"author":[{"embeddable":true,"href":"https:\/\/blogdoedvaldomagalhaes.com.br\/index.php\/wp-json\/wp\/v2\/users\/1"}],"replies":[{"embeddable":true,"href":"https:\/\/blogdoedvaldomagalhaes.com.br\/index.php\/wp-json\/wp\/v2\/comments?post=49396"}],"version-history":[{"count":1,"href":"https:\/\/blogdoedvaldomagalhaes.com.br\/index.php\/wp-json\/wp\/v2\/posts\/49396\/revisions"}],"predecessor-version":[{"id":49398,"href":"https:\/\/blogdoedvaldomagalhaes.com.br\/index.php\/wp-json\/wp\/v2\/posts\/49396\/revisions\/49398"}],"wp:featuredmedia":[{"embeddable":true,"href":"https:\/\/blogdoedvaldomagalhaes.com.br\/index.php\/wp-json\/wp\/v2\/media\/49397"}],"wp:attachment":[{"href":"https:\/\/blogdoedvaldomagalhaes.com.br\/index.php\/wp-json\/wp\/v2\/media?parent=49396"}],"wp:term":[{"taxonomy":"category","embeddable":true,"href":"https:\/\/blogdoedvaldomagalhaes.com.br\/index.php\/wp-json\/wp\/v2\/categories?post=49396"},{"taxonomy":"post_tag","embeddable":true,"href":"https:\/\/blogdoedvaldomagalhaes.com.br\/index.php\/wp-json\/wp\/v2\/tags?post=49396"}],"curies":[{"name":"wp","href":"https:\/\/api.w.org\/{rel}","templated":true}]}}