{"id":49387,"date":"2019-12-10T10:19:26","date_gmt":"2019-12-10T13:19:26","guid":{"rendered":"http:\/\/blogdoedvaldomagalhaes.com.br\/?p=49387"},"modified":"2019-12-10T11:53:37","modified_gmt":"2019-12-10T14:53:37","slug":"desempregado-morto-a-tiros-na-porta-da-propria-residencia-em-caruaru","status":"publish","type":"post","link":"https:\/\/blogdoedvaldomagalhaes.com.br\/index.php\/2019\/12\/10\/desempregado-morto-a-tiros-na-porta-da-propria-residencia-em-caruaru\/","title":{"rendered":"Desempregado morto a tiros na porta da pr\u00f3pria resid\u00eancia em Caruaru"},"content":{"rendered":"<p style=\"text-align: justify;\">O homic\u00eddio foi registrado por volta das 7h da manh\u00e3 desta ter\u00e7a-feira (10), na rua Cuiab\u00e1, em uma das escadarias do Monte Bom Jesus, no bairro Centen\u00e1rio. A v\u00edtima foi o desempregado Eduardo Jos\u00e9 da Silva, conhecido como &#8220;Lobisomem&#8221;. de 45 anos de idade. O Sargento da PMPE, Teot\u00f4nio, informou que a v\u00edtima estava em casa acompanhada do filho da dona do im\u00f3vel e da filha menor de idade, quando foi surpreen<span class=\"text_exposed_show\">dida com a chegada do algoz, que foi logo atirando. O rapaz e a filha da v\u00edtima se esconderam no interior do im\u00f3vel para tamb\u00e9m n\u00e3o serem assassinados. Foi visto um rastros de sangue nas escadarias, al\u00e9m de alguns panos sujos de sangue, que segundo o Sargento Teot\u00f4nio, vizinhos disseram que nessa segunda-feira (09), houve algumas confus\u00f5es no local, por\u00e9m, mas n\u00e3o souberam informar se a v\u00edtima teve envolvimento nessas confus\u00f5es. <\/span><\/p>\n<p style=\"text-align: justify;\">Policiais Militares e Civis estiveram no local Peritos fizeram o levantamento cadav\u00e9rico e em seguida o corpo foi encaminhado para o IML Caruaru. Este foi o 4\u00b0 homic\u00eddio no m\u00eas de novembro, e o 158\u00b0 no ano de 2019, em Caruaru.<\/p>\n\n\n<figure class=\"wp-block-image size-large\"><img loading=\"lazy\" decoding=\"async\" width=\"1024\" height=\"576\" src=\"http:\/\/blogdoedvaldomagalhaes.com.br\/wp-content\/uploads\/2019\/12\/20191210_095046-1024x576.jpg\" alt=\"\" class=\"wp-image-49389\" srcset=\"https:\/\/blogdoedvaldomagalhaes.com.br\/wp-content\/uploads\/2019\/12\/20191210_095046-1024x576.jpg 1024w, https:\/\/blogdoedvaldomagalhaes.com.br\/wp-content\/uploads\/2019\/12\/20191210_095046-300x169.jpg 300w, https:\/\/blogdoedvaldomagalhaes.com.br\/wp-content\/uploads\/2019\/12\/20191210_095046-768x432.jpg 768w, https:\/\/blogdoedvaldomagalhaes.com.br\/wp-content\/uploads\/2019\/12\/20191210_095046-1536x864.jpg 1536w, https:\/\/blogdoedvaldomagalhaes.com.br\/wp-content\/uploads\/2019\/12\/20191210_095046-2048x1152.jpg 2048w, https:\/\/blogdoedvaldomagalhaes.com.br\/wp-content\/uploads\/2019\/12\/20191210_095046-1140x641.jpg 1140w, https:\/\/blogdoedvaldomagalhaes.com.br\/wp-content\/uploads\/2019\/12\/20191210_095046-720x405.jpg 720w\" sizes=\"auto, (max-width: 1024px) 100vw, 1024px\" \/><\/figure>\n\n\n\n<figure class=\"wp-block-image size-large\"><img loading=\"lazy\" decoding=\"async\" width=\"278\" height=\"354\" src=\"http:\/\/blogdoedvaldomagalhaes.com.br\/wp-content\/uploads\/2019\/12\/foto-1.jpg\" alt=\"\" class=\"wp-image-49393\" srcset=\"https:\/\/blogdoedvaldomagalhaes.com.br\/wp-content\/uploads\/2019\/12\/foto-1.jpg 278w, https:\/\/blogdoedvaldomagalhaes.com.br\/wp-content\/uploads\/2019\/12\/foto-1-236x300.jpg 236w\" sizes=\"auto, (max-width: 278px) 100vw, 278px\" \/><figcaption>V\u00edtima<\/figcaption><\/figure>\n","protected":false},"excerpt":{"rendered":"<p>O homic\u00eddio foi registrado por volta das 7h da manh\u00e3 desta ter\u00e7a-feira (10), na rua Cuiab\u00e1, em uma das escadarias&hellip;<\/p>\n","protected":false},"author":1,"featured_media":49388,"comment_status":"open","ping_status":"open","sticky":false,"template":"","format":"standard","meta":{"footnotes":""},"categories":[14121],"tags":[2,16790,5448,1950],"class_list":["post-49387","post","type-post","status-publish","format-standard","has-post-thumbnail","hentry","category-policial","tag-blog-do-edvaldo-magalhaes","tag-desempregado-morto-a-tiros-na-porta-da-propria-residencia-em-caruaru","tag-homicidio","tag-noticias-de-caruaru"],"_links":{"self":[{"href":"https:\/\/blogdoedvaldomagalhaes.com.br\/index.php\/wp-json\/wp\/v2\/posts\/49387","targetHints":{"allow":["GET"]}}],"collection":[{"href":"https:\/\/blogdoedvaldomagalhaes.com.br\/index.php\/wp-json\/wp\/v2\/posts"}],"about":[{"href":"https:\/\/blogdoedvaldomagalhaes.com.br\/index.php\/wp-json\/wp\/v2\/types\/post"}],"author":[{"embeddable":true,"href":"https:\/\/blogdoedvaldomagalhaes.com.br\/index.php\/wp-json\/wp\/v2\/users\/1"}],"replies":[{"embeddable":true,"href":"https:\/\/blogdoedvaldomagalhaes.com.br\/index.php\/wp-json\/wp\/v2\/comments?post=49387"}],"version-history":[{"count":4,"href":"https:\/\/blogdoedvaldomagalhaes.com.br\/index.php\/wp-json\/wp\/v2\/posts\/49387\/revisions"}],"predecessor-version":[{"id":49395,"href":"https:\/\/blogdoedvaldomagalhaes.com.br\/index.php\/wp-json\/wp\/v2\/posts\/49387\/revisions\/49395"}],"wp:featuredmedia":[{"embeddable":true,"href":"https:\/\/blogdoedvaldomagalhaes.com.br\/index.php\/wp-json\/wp\/v2\/media\/49388"}],"wp:attachment":[{"href":"https:\/\/blogdoedvaldomagalhaes.com.br\/index.php\/wp-json\/wp\/v2\/media?parent=49387"}],"wp:term":[{"taxonomy":"category","embeddable":true,"href":"https:\/\/blogdoedvaldomagalhaes.com.br\/index.php\/wp-json\/wp\/v2\/categories?post=49387"},{"taxonomy":"post_tag","embeddable":true,"href":"https:\/\/blogdoedvaldomagalhaes.com.br\/index.php\/wp-json\/wp\/v2\/tags?post=49387"}],"curies":[{"name":"wp","href":"https:\/\/api.w.org\/{rel}","templated":true}]}}