{"id":49381,"date":"2019-12-09T23:02:57","date_gmt":"2019-12-10T02:02:57","guid":{"rendered":"http:\/\/blogdoedvaldomagalhaes.com.br\/?p=49381"},"modified":"2019-12-09T23:06:32","modified_gmt":"2019-12-10T02:06:32","slug":"prefeitura-de-caruaru-inicia-obra-do-canal-do-bairro-kennedy","status":"publish","type":"post","link":"https:\/\/blogdoedvaldomagalhaes.com.br\/index.php\/2019\/12\/09\/prefeitura-de-caruaru-inicia-obra-do-canal-do-bairro-kennedy\/","title":{"rendered":"Prefeitura de Caruaru inicia obra do canal do bairro kennedy"},"content":{"rendered":"<p style=\"text-align: justify;\"><span style=\"font-size: inherit;\">A prefeita de Caruaru, Raquel Lyra, visitou, nesta segunda-feira (9), o in\u00edcio das obras de execu\u00e7\u00e3o dos servi\u00e7os de drenagem do primeiro trecho do canal de \u00e1gua pluviais, localizado no bairro Kennedy. A ordem de servi\u00e7o foi assinada na \u00faltima quinta-feira (5), e as execu\u00e7\u00f5es j\u00e1 est\u00e3o a todo vapor.<\/span><\/p>\n<p style=\"text-align: justify;\">A primeira etapa de obras vai desde a Avenida Ivan Lima, no bairro Jardim Boa Vista e segue at\u00e9 as proximidades da linha f\u00e9rrea, pr\u00f3ximo \u00e0 Rua Marieta Lira de Azevedo, j\u00e1 na Vila kennedy, com uma extens\u00e3o de quase 2 km.<\/p>\n<p style=\"text-align: justify;\">Para esta primeira etapa, ser\u00e3o investidos mais de R$ 6 milh\u00f5es, com previs\u00e3o de conclus\u00e3o de seis meses.<\/p>\n\n\n<figure class=\"wp-block-image size-large\"><img loading=\"lazy\" decoding=\"async\" width=\"1024\" height=\"683\" src=\"http:\/\/blogdoedvaldomagalhaes.com.br\/wp-content\/uploads\/2019\/12\/IMG-20191209-WA0411-1024x683.jpg\" alt=\"\" class=\"wp-image-49383\" srcset=\"https:\/\/blogdoedvaldomagalhaes.com.br\/wp-content\/uploads\/2019\/12\/IMG-20191209-WA0411-1024x683.jpg 1024w, https:\/\/blogdoedvaldomagalhaes.com.br\/wp-content\/uploads\/2019\/12\/IMG-20191209-WA0411-300x200.jpg 300w, https:\/\/blogdoedvaldomagalhaes.com.br\/wp-content\/uploads\/2019\/12\/IMG-20191209-WA0411-768x512.jpg 768w, https:\/\/blogdoedvaldomagalhaes.com.br\/wp-content\/uploads\/2019\/12\/IMG-20191209-WA0411.jpg 1040w\" sizes=\"auto, (max-width: 1024px) 100vw, 1024px\" \/><\/figure>\n\n\n\n<figure class=\"wp-block-image size-large\"><img loading=\"lazy\" decoding=\"async\" width=\"1024\" height=\"683\" src=\"http:\/\/blogdoedvaldomagalhaes.com.br\/wp-content\/uploads\/2019\/12\/IMG-20191209-WA0408-1024x683.jpg\" alt=\"\" class=\"wp-image-49384\" srcset=\"https:\/\/blogdoedvaldomagalhaes.com.br\/wp-content\/uploads\/2019\/12\/IMG-20191209-WA0408-1024x683.jpg 1024w, https:\/\/blogdoedvaldomagalhaes.com.br\/wp-content\/uploads\/2019\/12\/IMG-20191209-WA0408-300x200.jpg 300w, https:\/\/blogdoedvaldomagalhaes.com.br\/wp-content\/uploads\/2019\/12\/IMG-20191209-WA0408-768x512.jpg 768w, https:\/\/blogdoedvaldomagalhaes.com.br\/wp-content\/uploads\/2019\/12\/IMG-20191209-WA0408.jpg 1040w\" sizes=\"auto, (max-width: 1024px) 100vw, 1024px\" \/><\/figure>\n\n\n\n<figure class=\"wp-block-image size-large\"><img loading=\"lazy\" decoding=\"async\" width=\"1024\" height=\"683\" src=\"http:\/\/blogdoedvaldomagalhaes.com.br\/wp-content\/uploads\/2019\/12\/IMG-20191209-WA0410-1024x683.jpg\" alt=\"\" class=\"wp-image-49385\" srcset=\"https:\/\/blogdoedvaldomagalhaes.com.br\/wp-content\/uploads\/2019\/12\/IMG-20191209-WA0410-1024x683.jpg 1024w, https:\/\/blogdoedvaldomagalhaes.com.br\/wp-content\/uploads\/2019\/12\/IMG-20191209-WA0410-300x200.jpg 300w, https:\/\/blogdoedvaldomagalhaes.com.br\/wp-content\/uploads\/2019\/12\/IMG-20191209-WA0410-768x512.jpg 768w, https:\/\/blogdoedvaldomagalhaes.com.br\/wp-content\/uploads\/2019\/12\/IMG-20191209-WA0410.jpg 1040w\" sizes=\"auto, (max-width: 1024px) 100vw, 1024px\" \/><figcaption>Fotos: Arnaldo F\u00e9lix <\/figcaption><\/figure>\n","protected":false},"excerpt":{"rendered":"<p>A prefeita de Caruaru, Raquel Lyra, visitou, nesta segunda-feira (9), o in\u00edcio das obras de execu\u00e7\u00e3o dos servi\u00e7os de drenagem&hellip;<\/p>\n","protected":false},"author":1,"featured_media":49382,"comment_status":"open","ping_status":"open","sticky":false,"template":"","format":"standard","meta":{"footnotes":""},"categories":[14120],"tags":[2,1950,16789],"class_list":["post-49381","post","type-post","status-publish","format-standard","has-post-thumbnail","hentry","category-noticias","tag-blog-do-edvaldo-magalhaes","tag-noticias-de-caruaru","tag-prefeitura-de-caruaru-inicia-obra-do-canal-do-bairro-kennedy"],"_links":{"self":[{"href":"https:\/\/blogdoedvaldomagalhaes.com.br\/index.php\/wp-json\/wp\/v2\/posts\/49381","targetHints":{"allow":["GET"]}}],"collection":[{"href":"https:\/\/blogdoedvaldomagalhaes.com.br\/index.php\/wp-json\/wp\/v2\/posts"}],"about":[{"href":"https:\/\/blogdoedvaldomagalhaes.com.br\/index.php\/wp-json\/wp\/v2\/types\/post"}],"author":[{"embeddable":true,"href":"https:\/\/blogdoedvaldomagalhaes.com.br\/index.php\/wp-json\/wp\/v2\/users\/1"}],"replies":[{"embeddable":true,"href":"https:\/\/blogdoedvaldomagalhaes.com.br\/index.php\/wp-json\/wp\/v2\/comments?post=49381"}],"version-history":[{"count":1,"href":"https:\/\/blogdoedvaldomagalhaes.com.br\/index.php\/wp-json\/wp\/v2\/posts\/49381\/revisions"}],"predecessor-version":[{"id":49386,"href":"https:\/\/blogdoedvaldomagalhaes.com.br\/index.php\/wp-json\/wp\/v2\/posts\/49381\/revisions\/49386"}],"wp:featuredmedia":[{"embeddable":true,"href":"https:\/\/blogdoedvaldomagalhaes.com.br\/index.php\/wp-json\/wp\/v2\/media\/49382"}],"wp:attachment":[{"href":"https:\/\/blogdoedvaldomagalhaes.com.br\/index.php\/wp-json\/wp\/v2\/media?parent=49381"}],"wp:term":[{"taxonomy":"category","embeddable":true,"href":"https:\/\/blogdoedvaldomagalhaes.com.br\/index.php\/wp-json\/wp\/v2\/categories?post=49381"},{"taxonomy":"post_tag","embeddable":true,"href":"https:\/\/blogdoedvaldomagalhaes.com.br\/index.php\/wp-json\/wp\/v2\/tags?post=49381"}],"curies":[{"name":"wp","href":"https:\/\/api.w.org\/{rel}","templated":true}]}}