{"id":49375,"date":"2019-12-09T19:52:37","date_gmt":"2019-12-09T22:52:37","guid":{"rendered":"http:\/\/blogdoedvaldomagalhaes.com.br\/?p=49375"},"modified":"2019-12-09T19:52:42","modified_gmt":"2019-12-09T22:52:42","slug":"comercio-na-praca-realiza-acoes-gratuitas-de-saude-e-beleza-para-a-populacao","status":"publish","type":"post","link":"https:\/\/blogdoedvaldomagalhaes.com.br\/index.php\/2019\/12\/09\/comercio-na-praca-realiza-acoes-gratuitas-de-saude-e-beleza-para-a-populacao\/","title":{"rendered":"Com\u00e9rcio na Pra\u00e7a realiza a\u00e7\u00f5es gratuitas de sa\u00fade e beleza para a popula\u00e7\u00e3o"},"content":{"rendered":"<p style=\"text-align: justify;\"><span style=\"font-size: inherit;\">Nesta ter\u00e7a-feira (10), a partir das 9h, a Secret\u00e1ria de Servi\u00e7os P\u00fablicos vai realizar uma a\u00e7\u00e3o de sa\u00fade e beleza dentro da estrutura do Com\u00e9rcio na Pra\u00e7a, da Leoc\u00e1dio Porto, no centro de Caruaru.<\/span><\/p>\n<p style=\"text-align: justify;\">O evento \u00e9 promovido pela Prefeitura de Caruaru, em parceria com institui\u00e7\u00f5es privadas, como o CEBRAC e a escola Max Academy Barber. O objetivo da a\u00e7\u00e3o \u00e9 movimentar os espa\u00e7os com servi\u00e7os, atrair mais compradores para o local e, com isso, aumentar as vendas.<\/p>\n<p style=\"text-align: justify;\">Durante toda manh\u00e3 ser\u00e3o oferecidos os servi\u00e7os de aferi\u00e7\u00e3o de press\u00e3o, tipagem sangu\u00ednea, teste de glicose e corte de cabelo masculino. Tudo gratuitamente para os compradores e comerciantes do local.<\/p>\n<p style=\"text-align: justify;\">J\u00e1 na pr\u00f3xima sexta-feira (13), a a\u00e7\u00e3o ser\u00e1 realizada na estrutura do Com\u00e9rcio na Pra\u00e7a dos Guararapes, tamb\u00e9m \u00e0s 9h. Nas pr\u00f3ximas semanas ser\u00e3o oferecidos outros servi\u00e7os e haver\u00e1 atra\u00e7\u00f5es musicais para os compradores presentes.<\/p>\n","protected":false},"excerpt":{"rendered":"<p>Nesta ter\u00e7a-feira (10), a partir das 9h, a Secret\u00e1ria de Servi\u00e7os P\u00fablicos vai realizar uma a\u00e7\u00e3o de sa\u00fade e beleza&hellip;<\/p>\n","protected":false},"author":1,"featured_media":49376,"comment_status":"open","ping_status":"open","sticky":false,"template":"","format":"standard","meta":{"footnotes":""},"categories":[14120],"tags":[2,16787,1950],"class_list":["post-49375","post","type-post","status-publish","format-standard","has-post-thumbnail","hentry","category-noticias","tag-blog-do-edvaldo-magalhaes","tag-comercio-na-praca-realiza-acoes-gratuitas-de-saude-e-beleza-para-a-populacao","tag-noticias-de-caruaru"],"_links":{"self":[{"href":"https:\/\/blogdoedvaldomagalhaes.com.br\/index.php\/wp-json\/wp\/v2\/posts\/49375","targetHints":{"allow":["GET"]}}],"collection":[{"href":"https:\/\/blogdoedvaldomagalhaes.com.br\/index.php\/wp-json\/wp\/v2\/posts"}],"about":[{"href":"https:\/\/blogdoedvaldomagalhaes.com.br\/index.php\/wp-json\/wp\/v2\/types\/post"}],"author":[{"embeddable":true,"href":"https:\/\/blogdoedvaldomagalhaes.com.br\/index.php\/wp-json\/wp\/v2\/users\/1"}],"replies":[{"embeddable":true,"href":"https:\/\/blogdoedvaldomagalhaes.com.br\/index.php\/wp-json\/wp\/v2\/comments?post=49375"}],"version-history":[{"count":1,"href":"https:\/\/blogdoedvaldomagalhaes.com.br\/index.php\/wp-json\/wp\/v2\/posts\/49375\/revisions"}],"predecessor-version":[{"id":49377,"href":"https:\/\/blogdoedvaldomagalhaes.com.br\/index.php\/wp-json\/wp\/v2\/posts\/49375\/revisions\/49377"}],"wp:featuredmedia":[{"embeddable":true,"href":"https:\/\/blogdoedvaldomagalhaes.com.br\/index.php\/wp-json\/wp\/v2\/media\/49376"}],"wp:attachment":[{"href":"https:\/\/blogdoedvaldomagalhaes.com.br\/index.php\/wp-json\/wp\/v2\/media?parent=49375"}],"wp:term":[{"taxonomy":"category","embeddable":true,"href":"https:\/\/blogdoedvaldomagalhaes.com.br\/index.php\/wp-json\/wp\/v2\/categories?post=49375"},{"taxonomy":"post_tag","embeddable":true,"href":"https:\/\/blogdoedvaldomagalhaes.com.br\/index.php\/wp-json\/wp\/v2\/tags?post=49375"}],"curies":[{"name":"wp","href":"https:\/\/api.w.org\/{rel}","templated":true}]}}