{"id":49355,"date":"2019-12-09T17:37:13","date_gmt":"2019-12-09T20:37:13","guid":{"rendered":"http:\/\/blogdoedvaldomagalhaes.com.br\/?p=49355"},"modified":"2019-12-09T17:37:18","modified_gmt":"2019-12-09T20:37:18","slug":"assinada-parceria-entre-central-e-brasilis-sp","status":"publish","type":"post","link":"https:\/\/blogdoedvaldomagalhaes.com.br\/index.php\/2019\/12\/09\/assinada-parceria-entre-central-e-brasilis-sp\/","title":{"rendered":"Assinada parceria entre Central e Brasilis\/SP"},"content":{"rendered":"<p style=\"text-align: justify;\">Na manh\u00e3 desta segunda-feira (09), o Central Sport Club recebeu a visita do representante do Brasilis FC\/SP, Andr\u00e9 Quartieri. Tamb\u00e9m estiveram presentes no encontro, o presidente Executivo da Patativa, Alexandre C\u00e9sar, o 1\u00ba vice-presidente executivo , Cl\u00eanio Lima, o 2\u00ba vice-presidente executivo Warley Santos e o gerente de futebol, Adriano Coelho.<\/p>\n<p style=\"text-align: justify;\">Na ocasi\u00e3o, foi ratificada a parceria entre os clubes, na qual o goleiro Rander Augusto, o volante Lucas Beato, o meio-campista Talisca e o atacante Jamal, foram cedidos, sem \u00f4nus, ao clube de Caruaru. Os atletas s\u00e3o agenciados pelos empres\u00e1rios Rodrigo Luczensky e Max Vianna.<\/p>\n<p style=\"text-align: justify;\">Andr\u00e9 Quartieri destacou a relev\u00e2ncia do v\u00ednculo entre o Brasilis\/SP e o Central. \u201cA parceria \u00e9 sempre importante porque existem alguns atletas que precisam estar no mercado de trabalho. O Central \u00e9 uma vitrine onde est\u00e1 situado hoje no Nordeste, uma equipe bem respeitada e conhecida\u201d enfatizou o representante do Brasilis\/SP.<\/p>\n<p style=\"text-align: justify;\">Ainda de acordo com a parceria firmada, no caso de alguma negocia\u00e7\u00e3o desses jogadores, o Central de Caruaru receber\u00e1 uma porcentagem sobre a transa\u00e7\u00e3o.<\/p>\n<p style=\"text-align: justify;\">Informa\u00e7\u00f5es: Departamento de Comunica\u00e7\u00e3o do Central Sport Club.<\/p>\n","protected":false},"excerpt":{"rendered":"<p>Na manh\u00e3 desta segunda-feira (09), o Central Sport Club recebeu a visita do representante do Brasilis FC\/SP, Andr\u00e9 Quartieri. Tamb\u00e9m&hellip;<\/p>\n","protected":false},"author":1,"featured_media":49356,"comment_status":"open","ping_status":"open","sticky":false,"template":"","format":"standard","meta":{"footnotes":""},"categories":[14124],"tags":[16784,2,1950],"class_list":["post-49355","post","type-post","status-publish","format-standard","has-post-thumbnail","hentry","category-centralsc","tag-assinada-parceria-entre-central-e-brasilis-sp","tag-blog-do-edvaldo-magalhaes","tag-noticias-de-caruaru"],"_links":{"self":[{"href":"https:\/\/blogdoedvaldomagalhaes.com.br\/index.php\/wp-json\/wp\/v2\/posts\/49355","targetHints":{"allow":["GET"]}}],"collection":[{"href":"https:\/\/blogdoedvaldomagalhaes.com.br\/index.php\/wp-json\/wp\/v2\/posts"}],"about":[{"href":"https:\/\/blogdoedvaldomagalhaes.com.br\/index.php\/wp-json\/wp\/v2\/types\/post"}],"author":[{"embeddable":true,"href":"https:\/\/blogdoedvaldomagalhaes.com.br\/index.php\/wp-json\/wp\/v2\/users\/1"}],"replies":[{"embeddable":true,"href":"https:\/\/blogdoedvaldomagalhaes.com.br\/index.php\/wp-json\/wp\/v2\/comments?post=49355"}],"version-history":[{"count":1,"href":"https:\/\/blogdoedvaldomagalhaes.com.br\/index.php\/wp-json\/wp\/v2\/posts\/49355\/revisions"}],"predecessor-version":[{"id":49357,"href":"https:\/\/blogdoedvaldomagalhaes.com.br\/index.php\/wp-json\/wp\/v2\/posts\/49355\/revisions\/49357"}],"wp:featuredmedia":[{"embeddable":true,"href":"https:\/\/blogdoedvaldomagalhaes.com.br\/index.php\/wp-json\/wp\/v2\/media\/49356"}],"wp:attachment":[{"href":"https:\/\/blogdoedvaldomagalhaes.com.br\/index.php\/wp-json\/wp\/v2\/media?parent=49355"}],"wp:term":[{"taxonomy":"category","embeddable":true,"href":"https:\/\/blogdoedvaldomagalhaes.com.br\/index.php\/wp-json\/wp\/v2\/categories?post=49355"},{"taxonomy":"post_tag","embeddable":true,"href":"https:\/\/blogdoedvaldomagalhaes.com.br\/index.php\/wp-json\/wp\/v2\/tags?post=49355"}],"curies":[{"name":"wp","href":"https:\/\/api.w.org\/{rel}","templated":true}]}}