{"id":49350,"date":"2019-12-09T16:13:23","date_gmt":"2019-12-09T19:13:23","guid":{"rendered":"http:\/\/blogdoedvaldomagalhaes.com.br\/?p=49350"},"modified":"2019-12-09T16:13:27","modified_gmt":"2019-12-09T19:13:27","slug":"procurado-por-homicidio-e-ocultacao-de-cadaver-ha-3-anos-e-detido-em-bezerros","status":"publish","type":"post","link":"https:\/\/blogdoedvaldomagalhaes.com.br\/index.php\/2019\/12\/09\/procurado-por-homicidio-e-ocultacao-de-cadaver-ha-3-anos-e-detido-em-bezerros\/","title":{"rendered":"Procurado por homic\u00eddio e oculta\u00e7\u00e3o de cad\u00e1ver h\u00e1 3 anos \u00e9 detido em Bezerros"},"content":{"rendered":"<p style=\"text-align: justify;\">Homem informou nome falso para tentar enganar a fiscaliza\u00e7\u00e3o.<\/p>\n<p style=\"text-align: justify;\">Um homem de 36 anos procurado por homic\u00eddio e oculta\u00e7\u00e3o de cad\u00e1ver foi detido, no domingo (08), pela Pol\u00edcia Rodovi\u00e1ria Federal (PRF), na BR 232, em Bezerros, no Agreste de Pernambuco. O homem era procurado desde novembro de 2016, a partir de um mandado expedido pela Segunda Vara Regional de Execu\u00e7\u00e3o Penal do Recife.<\/p>\n<p style=\"text-align: justify;\">Policiais realizavam uma fiscaliza\u00e7\u00e3o de combate ao crime no quil\u00f4metro 102 da rodovia, quando abordaram uma motocicleta ocupada apenas pelo condutor. Quando a equipe solicitou a documenta\u00e7\u00e3o pessoal, o homem informou que n\u00e3o portava documentos e disse o nome completo dele.<\/p>\n<p style=\"text-align: justify;\">Ap\u00f3s consultas, os policiais desconfiaram do nome informado e encaminharam o homem at\u00e9 a delegacia de Pol\u00edcia Civil de Bezerros, com o apoio da Pol\u00edcia Militar. No local, foi descoberta a identidade verdadeira e localizado o mandado de pris\u00e3o em aberto para os dois crimes.<\/p>\n<p style=\"text-align: justify;\">O foragido ficou detido na delegacia para a continuidade dos procedimentos legais. A motocicleta foi recolhida para o p\u00e1tio por possuir d\u00e9bitos de licenciamento.<\/p>\n\n\n<figure class=\"wp-block-image size-large\"><img loading=\"lazy\" decoding=\"async\" width=\"1024\" height=\"768\" src=\"http:\/\/blogdoedvaldomagalhaes.com.br\/wp-content\/uploads\/2019\/12\/IMG-20191209-WA0212-1024x768.jpg\" alt=\"\" class=\"wp-image-49352\" srcset=\"https:\/\/blogdoedvaldomagalhaes.com.br\/wp-content\/uploads\/2019\/12\/IMG-20191209-WA0212-1024x768.jpg 1024w, https:\/\/blogdoedvaldomagalhaes.com.br\/wp-content\/uploads\/2019\/12\/IMG-20191209-WA0212-300x225.jpg 300w, https:\/\/blogdoedvaldomagalhaes.com.br\/wp-content\/uploads\/2019\/12\/IMG-20191209-WA0212-768x576.jpg 768w, https:\/\/blogdoedvaldomagalhaes.com.br\/wp-content\/uploads\/2019\/12\/IMG-20191209-WA0212-160x120.jpg 160w, https:\/\/blogdoedvaldomagalhaes.com.br\/wp-content\/uploads\/2019\/12\/IMG-20191209-WA0212.jpg 1032w\" sizes=\"auto, (max-width: 1024px) 100vw, 1024px\" \/><\/figure>\n\n\n\n<figure class=\"wp-block-image size-large\"><img loading=\"lazy\" decoding=\"async\" width=\"768\" height=\"1024\" src=\"http:\/\/blogdoedvaldomagalhaes.com.br\/wp-content\/uploads\/2019\/12\/IMG-20191209-WA0214-768x1024.jpg\" alt=\"\" class=\"wp-image-49353\" srcset=\"https:\/\/blogdoedvaldomagalhaes.com.br\/wp-content\/uploads\/2019\/12\/IMG-20191209-WA0214-768x1024.jpg 768w, https:\/\/blogdoedvaldomagalhaes.com.br\/wp-content\/uploads\/2019\/12\/IMG-20191209-WA0214-225x300.jpg 225w, https:\/\/blogdoedvaldomagalhaes.com.br\/wp-content\/uploads\/2019\/12\/IMG-20191209-WA0214.jpg 864w\" sizes=\"auto, (max-width: 768px) 100vw, 768px\" \/><figcaption>Informa\u00e7\u00f5es e fotos: PRF<\/figcaption><\/figure>\n","protected":false},"excerpt":{"rendered":"<p>Homem informou nome falso para tentar enganar a fiscaliza\u00e7\u00e3o. Um homem de 36 anos procurado por homic\u00eddio e oculta\u00e7\u00e3o de&hellip;<\/p>\n","protected":false},"author":1,"featured_media":49351,"comment_status":"open","ping_status":"open","sticky":false,"template":"","format":"standard","meta":{"footnotes":""},"categories":[14121],"tags":[2,1950,16782],"class_list":["post-49350","post","type-post","status-publish","format-standard","has-post-thumbnail","hentry","category-policial","tag-blog-do-edvaldo-magalhaes","tag-noticias-de-caruaru","tag-procurado-por-homicidio-e-ocultacao-de-cadaver-ha-3-anos-e-detido-em-bezerros"],"_links":{"self":[{"href":"https:\/\/blogdoedvaldomagalhaes.com.br\/index.php\/wp-json\/wp\/v2\/posts\/49350","targetHints":{"allow":["GET"]}}],"collection":[{"href":"https:\/\/blogdoedvaldomagalhaes.com.br\/index.php\/wp-json\/wp\/v2\/posts"}],"about":[{"href":"https:\/\/blogdoedvaldomagalhaes.com.br\/index.php\/wp-json\/wp\/v2\/types\/post"}],"author":[{"embeddable":true,"href":"https:\/\/blogdoedvaldomagalhaes.com.br\/index.php\/wp-json\/wp\/v2\/users\/1"}],"replies":[{"embeddable":true,"href":"https:\/\/blogdoedvaldomagalhaes.com.br\/index.php\/wp-json\/wp\/v2\/comments?post=49350"}],"version-history":[{"count":1,"href":"https:\/\/blogdoedvaldomagalhaes.com.br\/index.php\/wp-json\/wp\/v2\/posts\/49350\/revisions"}],"predecessor-version":[{"id":49354,"href":"https:\/\/blogdoedvaldomagalhaes.com.br\/index.php\/wp-json\/wp\/v2\/posts\/49350\/revisions\/49354"}],"wp:featuredmedia":[{"embeddable":true,"href":"https:\/\/blogdoedvaldomagalhaes.com.br\/index.php\/wp-json\/wp\/v2\/media\/49351"}],"wp:attachment":[{"href":"https:\/\/blogdoedvaldomagalhaes.com.br\/index.php\/wp-json\/wp\/v2\/media?parent=49350"}],"wp:term":[{"taxonomy":"category","embeddable":true,"href":"https:\/\/blogdoedvaldomagalhaes.com.br\/index.php\/wp-json\/wp\/v2\/categories?post=49350"},{"taxonomy":"post_tag","embeddable":true,"href":"https:\/\/blogdoedvaldomagalhaes.com.br\/index.php\/wp-json\/wp\/v2\/tags?post=49350"}],"curies":[{"name":"wp","href":"https:\/\/api.w.org\/{rel}","templated":true}]}}