{"id":49339,"date":"2019-12-09T12:14:41","date_gmt":"2019-12-09T15:14:41","guid":{"rendered":"http:\/\/blogdoedvaldomagalhaes.com.br\/?p=49339"},"modified":"2019-12-09T12:17:38","modified_gmt":"2019-12-09T15:17:38","slug":"camara-de-caruaru-realizara-audiencia-sobre-o-plano-diretor-nesta-terca-10","status":"publish","type":"post","link":"https:\/\/blogdoedvaldomagalhaes.com.br\/index.php\/2019\/12\/09\/camara-de-caruaru-realizara-audiencia-sobre-o-plano-diretor-nesta-terca-10\/","title":{"rendered":"C\u00e2mara de Caruaru realizar\u00e1 audi\u00eancia sobre o Plano Diretor nesta ter\u00e7a (10)"},"content":{"rendered":"<p style=\"text-align: justify;\">A C\u00e2mara Municipal de Caruaru realizar\u00e1 nesta ter\u00e7a-feira (10), \u00e0s 9h, Audi\u00eancia P\u00fablica para tratar sobre o Plano Diretor de Caruaru, que teve seu projeto enviado \u00e0 Casa na \u00faltima semana.<\/p>\n<p style=\"text-align: justify;\">O Plano Diretor se trata de um instrumento b\u00e1sico de planejamento, portanto, muito importante para qualquer munic\u00edpio, nele s\u00e3o definidas \u00e1reas estrat\u00e9gicas para a expans\u00e3o da cidade ao longo dos anos, entre outros temas relacionados ao funcionamento da cidade. Est\u00e3o inclu\u00eddos no Plano Diretor: \u00e1reas de expans\u00e3o dos bairros, \u00e1reas verdes, \u00e1reas comerciais, espa\u00e7os para novos bairros, etc.<\/p>\n<p style=\"text-align: justify;\">A audi\u00eancia foi proposta pelo vereador Bruno Lambreta (PDT). \u201c\u00c9 com muita satisfa\u00e7\u00e3o que a gente apresenta esse requerimento para discutir esse importante tema para o munic\u00edpio\u201d, disse o propositor.<\/p>\n<p style=\"text-align: justify;\">Algumas entidades j\u00e1 confirmaram presen\u00e7a: Movimento Popular Pela Reforma Urbana (MPRU); Associa\u00e7\u00e3o de Apoio \u00e0s Fam\u00edlias Sem Teto de Pernambuco (AAST); Conselho de Arquitetura e Urbanismo (CAU); Conselho Regional de Engenharia e Agronomia (CREA); Universidade Federal de Pernambuco &#8211; Campus Agreste (UFPE); Faculdade UNINASSAU; Servi\u00e7o Nacional de Aprendizagem Industrial (SENAI); e Associa\u00e7\u00e3o Comercial e Empresarial de Caruaru (ACIC).<\/p>\n<p style=\"text-align: justify;\">O presidente da Casa, vereador Lula T\u00f4rres (PSDB), destaca a import\u00e2ncia da discuss\u00e3o do tema: \u201cA C\u00e2mara de Caruaru mais uma vez cumpre seu papel, em abrir as portas para a popula\u00e7\u00e3o, nesse debate t\u00e3o importante que \u00e9 o do plano diretor. Caruaru precisa de cidad\u00e3os engajados em saber como a nossa cidade vai acontecer nos pr\u00f3ximos anos. Todos est\u00e3o convidados para acompanhar\u201d, disse.<\/p>\n<p style=\"text-align: justify;\">A Audi\u00eancia P\u00fablica ser\u00e1 transmitida ao vivo atrav\u00e9s do Facebook da Casa: Poder Legislativo de Caruaru.<\/p>\n<p style=\"text-align: justify;\">Foto: Vladimir Rodrigues.<\/p>\n","protected":false},"excerpt":{"rendered":"<p>A C\u00e2mara Municipal de Caruaru realizar\u00e1 nesta ter\u00e7a-feira (10), \u00e0s 9h, Audi\u00eancia P\u00fablica para tratar sobre o Plano Diretor de&hellip;<\/p>\n","protected":false},"author":1,"featured_media":49340,"comment_status":"open","ping_status":"open","sticky":false,"template":"","format":"standard","meta":{"footnotes":""},"categories":[14122],"tags":[2,16779,1950],"class_list":["post-49339","post","type-post","status-publish","format-standard","has-post-thumbnail","hentry","category-politica","tag-blog-do-edvaldo-magalhaes","tag-camara-de-caruaru-realizara-audiencia-sobre-o-plano-diretor-nesta-terca-10","tag-noticias-de-caruaru"],"_links":{"self":[{"href":"https:\/\/blogdoedvaldomagalhaes.com.br\/index.php\/wp-json\/wp\/v2\/posts\/49339","targetHints":{"allow":["GET"]}}],"collection":[{"href":"https:\/\/blogdoedvaldomagalhaes.com.br\/index.php\/wp-json\/wp\/v2\/posts"}],"about":[{"href":"https:\/\/blogdoedvaldomagalhaes.com.br\/index.php\/wp-json\/wp\/v2\/types\/post"}],"author":[{"embeddable":true,"href":"https:\/\/blogdoedvaldomagalhaes.com.br\/index.php\/wp-json\/wp\/v2\/users\/1"}],"replies":[{"embeddable":true,"href":"https:\/\/blogdoedvaldomagalhaes.com.br\/index.php\/wp-json\/wp\/v2\/comments?post=49339"}],"version-history":[{"count":1,"href":"https:\/\/blogdoedvaldomagalhaes.com.br\/index.php\/wp-json\/wp\/v2\/posts\/49339\/revisions"}],"predecessor-version":[{"id":49341,"href":"https:\/\/blogdoedvaldomagalhaes.com.br\/index.php\/wp-json\/wp\/v2\/posts\/49339\/revisions\/49341"}],"wp:featuredmedia":[{"embeddable":true,"href":"https:\/\/blogdoedvaldomagalhaes.com.br\/index.php\/wp-json\/wp\/v2\/media\/49340"}],"wp:attachment":[{"href":"https:\/\/blogdoedvaldomagalhaes.com.br\/index.php\/wp-json\/wp\/v2\/media?parent=49339"}],"wp:term":[{"taxonomy":"category","embeddable":true,"href":"https:\/\/blogdoedvaldomagalhaes.com.br\/index.php\/wp-json\/wp\/v2\/categories?post=49339"},{"taxonomy":"post_tag","embeddable":true,"href":"https:\/\/blogdoedvaldomagalhaes.com.br\/index.php\/wp-json\/wp\/v2\/tags?post=49339"}],"curies":[{"name":"wp","href":"https:\/\/api.w.org\/{rel}","templated":true}]}}