{"id":49333,"date":"2019-12-09T11:37:46","date_gmt":"2019-12-09T14:37:46","guid":{"rendered":"http:\/\/blogdoedvaldomagalhaes.com.br\/?p=49333"},"modified":"2019-12-09T11:44:49","modified_gmt":"2019-12-09T14:44:49","slug":"coletores-de-lixo-protestam-na-garagem-da-locar-em-caruaru","status":"publish","type":"post","link":"https:\/\/blogdoedvaldomagalhaes.com.br\/index.php\/2019\/12\/09\/coletores-de-lixo-protestam-na-garagem-da-locar-em-caruaru\/","title":{"rendered":"Coletores de lixo protestam na garagem da Locar em Caruaru"},"content":{"rendered":"<p style=\"text-align: justify;\">Os coletores de lixo que trabalham para a Locar na limpeza urbana de Caruaru, cruzaram os bra\u00e7os na manh\u00e3 desta segunda-feira (09). Segundo o Sindlimp, sindicato que representa a categoria, a paraliza\u00e7\u00e3o \u00e9 devido o atraso no pagamento de sal\u00e1rio, vale alimenta\u00e7\u00e3o e vale transporte.<\/p>\n<p style=\"text-align: justify;\">A categoria realizou assembleia em frente ao pr\u00e9dio da Locar, empresa respons\u00e1vel pela limpeza da cidade. De acordo com l Sindlimp, a empresa informou que s\u00f3 efetuar\u00e1 o pagamento na quarta-feira (11).<\/p>\n\n\n<figure class=\"wp-block-image size-large\"><img loading=\"lazy\" decoding=\"async\" width=\"576\" height=\"1024\" src=\"http:\/\/blogdoedvaldomagalhaes.com.br\/wp-content\/uploads\/2019\/12\/IMG-20191209-WA0109-576x1024.jpg\" alt=\"\" class=\"wp-image-49335\" srcset=\"https:\/\/blogdoedvaldomagalhaes.com.br\/wp-content\/uploads\/2019\/12\/IMG-20191209-WA0109-576x1024.jpg 576w, https:\/\/blogdoedvaldomagalhaes.com.br\/wp-content\/uploads\/2019\/12\/IMG-20191209-WA0109-169x300.jpg 169w, https:\/\/blogdoedvaldomagalhaes.com.br\/wp-content\/uploads\/2019\/12\/IMG-20191209-WA0109.jpg 581w\" sizes=\"auto, (max-width: 576px) 100vw, 576px\" \/><\/figure>\n\n\n\n<figure class=\"wp-block-image size-large\"><img loading=\"lazy\" decoding=\"async\" width=\"1024\" height=\"576\" src=\"http:\/\/blogdoedvaldomagalhaes.com.br\/wp-content\/uploads\/2019\/12\/IMG-20191209-WA0108-1024x576.jpg\" alt=\"\" class=\"wp-image-49336\" srcset=\"https:\/\/blogdoedvaldomagalhaes.com.br\/wp-content\/uploads\/2019\/12\/IMG-20191209-WA0108-1024x576.jpg 1024w, https:\/\/blogdoedvaldomagalhaes.com.br\/wp-content\/uploads\/2019\/12\/IMG-20191209-WA0108-300x169.jpg 300w, https:\/\/blogdoedvaldomagalhaes.com.br\/wp-content\/uploads\/2019\/12\/IMG-20191209-WA0108-768x432.jpg 768w, https:\/\/blogdoedvaldomagalhaes.com.br\/wp-content\/uploads\/2019\/12\/IMG-20191209-WA0108-720x405.jpg 720w, https:\/\/blogdoedvaldomagalhaes.com.br\/wp-content\/uploads\/2019\/12\/IMG-20191209-WA0108.jpg 1032w\" sizes=\"auto, (max-width: 1024px) 100vw, 1024px\" \/><\/figure>\n\n\n\n<figure class=\"wp-block-image size-large\"><img loading=\"lazy\" decoding=\"async\" width=\"1024\" height=\"576\" src=\"http:\/\/blogdoedvaldomagalhaes.com.br\/wp-content\/uploads\/2019\/12\/IMG-20191209-WA0106-1024x576.jpg\" alt=\"\" class=\"wp-image-49337\" srcset=\"https:\/\/blogdoedvaldomagalhaes.com.br\/wp-content\/uploads\/2019\/12\/IMG-20191209-WA0106-1024x576.jpg 1024w, https:\/\/blogdoedvaldomagalhaes.com.br\/wp-content\/uploads\/2019\/12\/IMG-20191209-WA0106-300x169.jpg 300w, https:\/\/blogdoedvaldomagalhaes.com.br\/wp-content\/uploads\/2019\/12\/IMG-20191209-WA0106-768x432.jpg 768w, https:\/\/blogdoedvaldomagalhaes.com.br\/wp-content\/uploads\/2019\/12\/IMG-20191209-WA0106-720x405.jpg 720w, https:\/\/blogdoedvaldomagalhaes.com.br\/wp-content\/uploads\/2019\/12\/IMG-20191209-WA0106.jpg 1032w\" sizes=\"auto, (max-width: 1024px) 100vw, 1024px\" \/><figcaption>Fotos: SindLimp\/Divulga\u00e7\u00e3o <\/figcaption><\/figure>\n","protected":false},"excerpt":{"rendered":"<p>Os coletores de lixo que trabalham para a Locar na limpeza urbana de Caruaru, cruzaram os bra\u00e7os na manh\u00e3 desta&hellip;<\/p>\n","protected":false},"author":1,"featured_media":49334,"comment_status":"open","ping_status":"open","sticky":false,"template":"","format":"standard","meta":{"footnotes":""},"categories":[14120],"tags":[2,16778,1950],"class_list":["post-49333","post","type-post","status-publish","format-standard","has-post-thumbnail","hentry","category-noticias","tag-blog-do-edvaldo-magalhaes","tag-coletores-de-lixo-protestam-na-garagem-da-locar-em-caruaru","tag-noticias-de-caruaru"],"_links":{"self":[{"href":"https:\/\/blogdoedvaldomagalhaes.com.br\/index.php\/wp-json\/wp\/v2\/posts\/49333","targetHints":{"allow":["GET"]}}],"collection":[{"href":"https:\/\/blogdoedvaldomagalhaes.com.br\/index.php\/wp-json\/wp\/v2\/posts"}],"about":[{"href":"https:\/\/blogdoedvaldomagalhaes.com.br\/index.php\/wp-json\/wp\/v2\/types\/post"}],"author":[{"embeddable":true,"href":"https:\/\/blogdoedvaldomagalhaes.com.br\/index.php\/wp-json\/wp\/v2\/users\/1"}],"replies":[{"embeddable":true,"href":"https:\/\/blogdoedvaldomagalhaes.com.br\/index.php\/wp-json\/wp\/v2\/comments?post=49333"}],"version-history":[{"count":1,"href":"https:\/\/blogdoedvaldomagalhaes.com.br\/index.php\/wp-json\/wp\/v2\/posts\/49333\/revisions"}],"predecessor-version":[{"id":49338,"href":"https:\/\/blogdoedvaldomagalhaes.com.br\/index.php\/wp-json\/wp\/v2\/posts\/49333\/revisions\/49338"}],"wp:featuredmedia":[{"embeddable":true,"href":"https:\/\/blogdoedvaldomagalhaes.com.br\/index.php\/wp-json\/wp\/v2\/media\/49334"}],"wp:attachment":[{"href":"https:\/\/blogdoedvaldomagalhaes.com.br\/index.php\/wp-json\/wp\/v2\/media?parent=49333"}],"wp:term":[{"taxonomy":"category","embeddable":true,"href":"https:\/\/blogdoedvaldomagalhaes.com.br\/index.php\/wp-json\/wp\/v2\/categories?post=49333"},{"taxonomy":"post_tag","embeddable":true,"href":"https:\/\/blogdoedvaldomagalhaes.com.br\/index.php\/wp-json\/wp\/v2\/tags?post=49333"}],"curies":[{"name":"wp","href":"https:\/\/api.w.org\/{rel}","templated":true}]}}