{"id":49326,"date":"2019-12-09T10:47:28","date_gmt":"2019-12-09T13:47:28","guid":{"rendered":"http:\/\/blogdoedvaldomagalhaes.com.br\/?p=49326"},"modified":"2019-12-09T10:56:05","modified_gmt":"2019-12-09T13:56:05","slug":"protesto-de-moradores-do-residencial-luiz-bezerra-torres-em-caruaru","status":"publish","type":"post","link":"https:\/\/blogdoedvaldomagalhaes.com.br\/index.php\/2019\/12\/09\/protesto-de-moradores-do-residencial-luiz-bezerra-torres-em-caruaru\/","title":{"rendered":"Protesto de moradores do Residencial Luiz Bezerra Torres em Caruaru"},"content":{"rendered":"<p style=\"text-align: justify;\">Moradores fecharam uma das entradas&nbsp; do Residencial Luiz Bezerra Torres, em Caruaru, em mais um protesto na manh\u00e3 desta segunda-feira (09). Os manifestantes reclamam a falta de abastecimento de \u00e1gua da Compesa.<\/p>\n<p style=\"text-align: justify;\">Ainda de acordo com os moradores, fornecedores de \u00e1gua atrav\u00e9s de carro-pipa est\u00e3o cobrando caro para abastecer as caixas d\u2019\u00e1gua. Os manifestantes queimaram pneus em um dos acessos ao Residencial.<\/p>\n\n\n<figure class=\"wp-block-image size-large\"><img loading=\"lazy\" decoding=\"async\" width=\"616\" height=\"1024\" src=\"http:\/\/blogdoedvaldomagalhaes.com.br\/wp-content\/uploads\/2019\/12\/IMG-20191209-WA0087-616x1024.jpg\" alt=\"\" class=\"wp-image-49329\" srcset=\"https:\/\/blogdoedvaldomagalhaes.com.br\/wp-content\/uploads\/2019\/12\/IMG-20191209-WA0087-616x1024.jpg 616w, https:\/\/blogdoedvaldomagalhaes.com.br\/wp-content\/uploads\/2019\/12\/IMG-20191209-WA0087-180x300.jpg 180w, https:\/\/blogdoedvaldomagalhaes.com.br\/wp-content\/uploads\/2019\/12\/IMG-20191209-WA0087-768x1277.jpg 768w, https:\/\/blogdoedvaldomagalhaes.com.br\/wp-content\/uploads\/2019\/12\/IMG-20191209-WA0087-924x1536.jpg 924w, https:\/\/blogdoedvaldomagalhaes.com.br\/wp-content\/uploads\/2019\/12\/IMG-20191209-WA0087.jpg 962w\" sizes=\"auto, (max-width: 616px) 100vw, 616px\" \/><figcaption>Fotos: Reprodu\u00e7\u00e3o\/Whatsapp <\/figcaption><\/figure>\n","protected":false},"excerpt":{"rendered":"<p>Moradores fecharam uma das entradas&nbsp; do Residencial Luiz Bezerra Torres, em Caruaru, em mais um protesto na manh\u00e3 desta segunda-feira&hellip;<\/p>\n","protected":false},"author":1,"featured_media":49327,"comment_status":"open","ping_status":"open","sticky":false,"template":"","format":"standard","meta":{"footnotes":""},"categories":[14120],"tags":[2,1950,16777],"class_list":["post-49326","post","type-post","status-publish","format-standard","has-post-thumbnail","hentry","category-noticias","tag-blog-do-edvaldo-magalhaes","tag-noticias-de-caruaru","tag-protesto-de-moradores-do-residencial-luiz-bezerra-torres-em-caruaru"],"_links":{"self":[{"href":"https:\/\/blogdoedvaldomagalhaes.com.br\/index.php\/wp-json\/wp\/v2\/posts\/49326","targetHints":{"allow":["GET"]}}],"collection":[{"href":"https:\/\/blogdoedvaldomagalhaes.com.br\/index.php\/wp-json\/wp\/v2\/posts"}],"about":[{"href":"https:\/\/blogdoedvaldomagalhaes.com.br\/index.php\/wp-json\/wp\/v2\/types\/post"}],"author":[{"embeddable":true,"href":"https:\/\/blogdoedvaldomagalhaes.com.br\/index.php\/wp-json\/wp\/v2\/users\/1"}],"replies":[{"embeddable":true,"href":"https:\/\/blogdoedvaldomagalhaes.com.br\/index.php\/wp-json\/wp\/v2\/comments?post=49326"}],"version-history":[{"count":2,"href":"https:\/\/blogdoedvaldomagalhaes.com.br\/index.php\/wp-json\/wp\/v2\/posts\/49326\/revisions"}],"predecessor-version":[{"id":49330,"href":"https:\/\/blogdoedvaldomagalhaes.com.br\/index.php\/wp-json\/wp\/v2\/posts\/49326\/revisions\/49330"}],"wp:featuredmedia":[{"embeddable":true,"href":"https:\/\/blogdoedvaldomagalhaes.com.br\/index.php\/wp-json\/wp\/v2\/media\/49327"}],"wp:attachment":[{"href":"https:\/\/blogdoedvaldomagalhaes.com.br\/index.php\/wp-json\/wp\/v2\/media?parent=49326"}],"wp:term":[{"taxonomy":"category","embeddable":true,"href":"https:\/\/blogdoedvaldomagalhaes.com.br\/index.php\/wp-json\/wp\/v2\/categories?post=49326"},{"taxonomy":"post_tag","embeddable":true,"href":"https:\/\/blogdoedvaldomagalhaes.com.br\/index.php\/wp-json\/wp\/v2\/tags?post=49326"}],"curies":[{"name":"wp","href":"https:\/\/api.w.org\/{rel}","templated":true}]}}