{"id":49309,"date":"2019-12-08T15:56:37","date_gmt":"2019-12-08T18:56:37","guid":{"rendered":"http:\/\/blogdoedvaldomagalhaes.com.br\/?p=49309"},"modified":"2019-12-08T18:07:16","modified_gmt":"2019-12-08T21:07:16","slug":"motociclista-morre-decapitado-em-acidente-na-br-101-em-palmares","status":"publish","type":"post","link":"https:\/\/blogdoedvaldomagalhaes.com.br\/index.php\/2019\/12\/08\/motociclista-morre-decapitado-em-acidente-na-br-101-em-palmares\/","title":{"rendered":"Motociclista morre decapitado em acidente na BR-101 em Palmares"},"content":{"rendered":"<p style=\"text-align: justify;\">O acidente ocorreu por volta das 8h no km 182 da BR 101, em Palmares, no sentido Alagoas.<\/p>\n<p style=\"text-align: justify;\">O ex-candidato a prefeito de Jaboat\u00e3o dos Guararapes, Adilson de Souza Lima, 70 anos, pilotava uma moto modelo Sizuki 1000 cilindradas, quando perdeu o controle do ve\u00edculo em uma curva, saiu da pista e colidiu na defesa do canteiro central.<\/p>\n<p style=\"text-align: justify;\">Ele era empres\u00e1rio e foi candidato a prefeito pela cidade de Jaboat\u00e3o dos Guararapes nas elei\u00e7\u00f5es de 2016 pelo PCO, na \u00e9poca, havia declarado um patrim\u00f4nio de mais de R$ 14 milh\u00f5es.<\/p>\n<p style=\"text-align: justify;\">Equipe da PRF e do Instituto de Criminal\u00edstica estiveram no local fazendo os trabalhos de per\u00edcia. O corpo do empres\u00e1rio foi encaminhado para IML do Recife.<\/p>\n\n\n<figure class=\"wp-block-image size-large\"><img loading=\"lazy\" decoding=\"async\" width=\"1024\" height=\"576\" src=\"http:\/\/blogdoedvaldomagalhaes.com.br\/wp-content\/uploads\/2019\/12\/IMG-20191208-WA0185-1024x576.jpg\" alt=\"\" class=\"wp-image-49311\" srcset=\"https:\/\/blogdoedvaldomagalhaes.com.br\/wp-content\/uploads\/2019\/12\/IMG-20191208-WA0185-1024x576.jpg 1024w, https:\/\/blogdoedvaldomagalhaes.com.br\/wp-content\/uploads\/2019\/12\/IMG-20191208-WA0185-300x169.jpg 300w, https:\/\/blogdoedvaldomagalhaes.com.br\/wp-content\/uploads\/2019\/12\/IMG-20191208-WA0185-768x432.jpg 768w, https:\/\/blogdoedvaldomagalhaes.com.br\/wp-content\/uploads\/2019\/12\/IMG-20191208-WA0185-1140x641.jpg 1140w, https:\/\/blogdoedvaldomagalhaes.com.br\/wp-content\/uploads\/2019\/12\/IMG-20191208-WA0185-720x405.jpg 720w, https:\/\/blogdoedvaldomagalhaes.com.br\/wp-content\/uploads\/2019\/12\/IMG-20191208-WA0185.jpg 1280w\" sizes=\"auto, (max-width: 1024px) 100vw, 1024px\" \/><figcaption>Informa\u00e7\u00f5es e fotos: PRF<\/figcaption><\/figure>\n\n\n\n<figure class=\"wp-block-image size-large\"><img loading=\"lazy\" decoding=\"async\" width=\"313\" height=\"951\" src=\"http:\/\/blogdoedvaldomagalhaes.com.br\/wp-content\/uploads\/2019\/12\/FB_IMG_1575838318563.jpg\" alt=\"\" class=\"wp-image-49320\" srcset=\"https:\/\/blogdoedvaldomagalhaes.com.br\/wp-content\/uploads\/2019\/12\/FB_IMG_1575838318563.jpg 313w, https:\/\/blogdoedvaldomagalhaes.com.br\/wp-content\/uploads\/2019\/12\/FB_IMG_1575838318563-99x300.jpg 99w\" sizes=\"auto, (max-width: 313px) 100vw, 313px\" \/><figcaption>Adilson <\/figcaption><\/figure>\n","protected":false},"excerpt":{"rendered":"<p>O acidente ocorreu por volta das 8h no km 182 da BR 101, em Palmares, no sentido Alagoas. O ex-candidato&hellip;<\/p>\n","protected":false},"author":1,"featured_media":49310,"comment_status":"open","ping_status":"open","sticky":false,"template":"","format":"standard","meta":{"footnotes":""},"categories":[14120],"tags":[2,16774],"class_list":["post-49309","post","type-post","status-publish","format-standard","has-post-thumbnail","hentry","category-noticias","tag-blog-do-edvaldo-magalhaes","tag-motociclista-morre-decapitado-em-acidente-na-br-101-em-palmares"],"_links":{"self":[{"href":"https:\/\/blogdoedvaldomagalhaes.com.br\/index.php\/wp-json\/wp\/v2\/posts\/49309","targetHints":{"allow":["GET"]}}],"collection":[{"href":"https:\/\/blogdoedvaldomagalhaes.com.br\/index.php\/wp-json\/wp\/v2\/posts"}],"about":[{"href":"https:\/\/blogdoedvaldomagalhaes.com.br\/index.php\/wp-json\/wp\/v2\/types\/post"}],"author":[{"embeddable":true,"href":"https:\/\/blogdoedvaldomagalhaes.com.br\/index.php\/wp-json\/wp\/v2\/users\/1"}],"replies":[{"embeddable":true,"href":"https:\/\/blogdoedvaldomagalhaes.com.br\/index.php\/wp-json\/wp\/v2\/comments?post=49309"}],"version-history":[{"count":4,"href":"https:\/\/blogdoedvaldomagalhaes.com.br\/index.php\/wp-json\/wp\/v2\/posts\/49309\/revisions"}],"predecessor-version":[{"id":49321,"href":"https:\/\/blogdoedvaldomagalhaes.com.br\/index.php\/wp-json\/wp\/v2\/posts\/49309\/revisions\/49321"}],"wp:featuredmedia":[{"embeddable":true,"href":"https:\/\/blogdoedvaldomagalhaes.com.br\/index.php\/wp-json\/wp\/v2\/media\/49310"}],"wp:attachment":[{"href":"https:\/\/blogdoedvaldomagalhaes.com.br\/index.php\/wp-json\/wp\/v2\/media?parent=49309"}],"wp:term":[{"taxonomy":"category","embeddable":true,"href":"https:\/\/blogdoedvaldomagalhaes.com.br\/index.php\/wp-json\/wp\/v2\/categories?post=49309"},{"taxonomy":"post_tag","embeddable":true,"href":"https:\/\/blogdoedvaldomagalhaes.com.br\/index.php\/wp-json\/wp\/v2\/tags?post=49309"}],"curies":[{"name":"wp","href":"https:\/\/api.w.org\/{rel}","templated":true}]}}