{"id":49305,"date":"2019-12-08T11:02:34","date_gmt":"2019-12-08T14:02:34","guid":{"rendered":"http:\/\/blogdoedvaldomagalhaes.com.br\/?p=49305"},"modified":"2019-12-08T11:02:38","modified_gmt":"2019-12-08T14:02:38","slug":"iii-semana-viva-gonzaga-a-partir-desta-segunda-9-confira","status":"publish","type":"post","link":"https:\/\/blogdoedvaldomagalhaes.com.br\/index.php\/2019\/12\/08\/iii-semana-viva-gonzaga-a-partir-desta-segunda-9-confira\/","title":{"rendered":"III Semana Viva Gonzaga a partir desta segunda (9); Confira"},"content":{"rendered":"<p style=\"text-align: justify;\"><span style=\"font-size: inherit;\">No pr\u00f3ximo dia 13 de dezembro, ser\u00e1 comemorado o Dia Nacional do Forr\u00f3, data do anivers\u00e1rio de nascimento do Rei do Bai\u00e3o Luiz Gonzaga. Pensando nisso, a Prefeitura de Caruaru, atrav\u00e9s da Funda\u00e7\u00e3o de Cultura e Turismo de Caruaru (FCTC), preparou uma programa\u00e7\u00e3o especial. Entre os dias 9 e 13 de novembro, ser\u00e1 realizada a III Semana Viva Gonzaga. Um evento gratuito, aberto ao p\u00fablico, e contar\u00e1 com oficinas, palestras, exposi\u00e7\u00e3o, debates, m\u00fasicas, barracas de comidas t\u00edpicas e um show no encerramento.<\/span><\/p>\n<p style=\"text-align: justify;\">A abertura oficial ser\u00e1 nesta segunda-feira (9), a partir das 19h, com a exposi\u00e7\u00e3o da obra fonogr\u00e1fica do Rei do Bai\u00e3o Luiz Gonzaga, no Museu do Barro. A ocasi\u00e3o ter\u00e1 participa\u00e7\u00e3o especial do professor e colecionador Adem\u00e1rio King, que ministrar\u00e1 uma aula sobre o assunto.<\/p>\n<p style=\"text-align: justify;\">No dia 10 de dezembro, ter\u00e7a-feira, o professor e historiador Jos\u00e9 Urbano far\u00e1 duas palestras com o tema Luiz Gonzaga e seu legado em Caruaru: uma \u00e0s 9h, direcionada aos alunos da Escola Municipal Duque de Caxias; e a outra \u00e0s 13h30 para os alunos da Escola de Refer\u00eancia Pedro de Souza.<\/p>\n<p style=\"text-align: justify;\">J\u00e1 no dia 11, quarta-feira, ter\u00e1 um debate no audit\u00f3rio do Museu do Barro de Caruaru com os compositores F\u00e1tima Marcolino e Onildo Almeida. O tema ser\u00e1 \u201cLuiz Gonzaga o eterno Rei do Bai\u00e3o\u201d. Na quinta-feira (12) acontecer\u00e1 na Esta\u00e7\u00e3o Ferrovi\u00e1ria, \u00e0s 19h, a oficina de ritmos nordestinos sobre a obra de Luiz Gonzaga com o percussionista Petr\u00facio Cruz. Este momento ser\u00e1 voltado para os integrantes das Bandas de P\u00edfanos de Caruaru e regi\u00e3o.<\/p>\n<p style=\"text-align: justify;\">O \u00faltimo dia da III Semana Viva Gonzaga de Caruaru ser\u00e1 na sexta-feira (13), a partir das 19h, e contar\u00e1 com o show \u201cGonzaga como Gonzaga fazia\u201d, tendo mais de 50 atra\u00e7\u00f5es culturais tocando m\u00fasicas do Rei do Bai\u00e3o. A apresenta\u00e7\u00e3o acontecer\u00e1 no P\u00e1tio de Eventos Luiz Gonzaga, ao lado da est\u00e1tua do mesmo.<\/p>\n\n\n<figure class=\"wp-block-image size-large\"><img loading=\"lazy\" decoding=\"async\" width=\"576\" height=\"1024\" src=\"http:\/\/blogdoedvaldomagalhaes.com.br\/wp-content\/uploads\/2019\/12\/IMG-20191208-WA0061-576x1024.jpg\" alt=\"\" class=\"wp-image-49307\" srcset=\"https:\/\/blogdoedvaldomagalhaes.com.br\/wp-content\/uploads\/2019\/12\/IMG-20191208-WA0061-576x1024.jpg 576w, https:\/\/blogdoedvaldomagalhaes.com.br\/wp-content\/uploads\/2019\/12\/IMG-20191208-WA0061-169x300.jpg 169w, https:\/\/blogdoedvaldomagalhaes.com.br\/wp-content\/uploads\/2019\/12\/IMG-20191208-WA0061.jpg 720w\" sizes=\"auto, (max-width: 576px) 100vw, 576px\" \/><\/figure>\n","protected":false},"excerpt":{"rendered":"<p>No pr\u00f3ximo dia 13 de dezembro, ser\u00e1 comemorado o Dia Nacional do Forr\u00f3, data do anivers\u00e1rio de nascimento do Rei&hellip;<\/p>\n","protected":false},"author":1,"featured_media":49306,"comment_status":"open","ping_status":"open","sticky":false,"template":"","format":"standard","meta":{"footnotes":""},"categories":[14120],"tags":[2,16769,1950],"class_list":["post-49305","post","type-post","status-publish","format-standard","has-post-thumbnail","hentry","category-noticias","tag-blog-do-edvaldo-magalhaes","tag-iii-semana-viva-gonzaga-a-partir-desta-segunda-9-confira","tag-noticias-de-caruaru"],"_links":{"self":[{"href":"https:\/\/blogdoedvaldomagalhaes.com.br\/index.php\/wp-json\/wp\/v2\/posts\/49305","targetHints":{"allow":["GET"]}}],"collection":[{"href":"https:\/\/blogdoedvaldomagalhaes.com.br\/index.php\/wp-json\/wp\/v2\/posts"}],"about":[{"href":"https:\/\/blogdoedvaldomagalhaes.com.br\/index.php\/wp-json\/wp\/v2\/types\/post"}],"author":[{"embeddable":true,"href":"https:\/\/blogdoedvaldomagalhaes.com.br\/index.php\/wp-json\/wp\/v2\/users\/1"}],"replies":[{"embeddable":true,"href":"https:\/\/blogdoedvaldomagalhaes.com.br\/index.php\/wp-json\/wp\/v2\/comments?post=49305"}],"version-history":[{"count":1,"href":"https:\/\/blogdoedvaldomagalhaes.com.br\/index.php\/wp-json\/wp\/v2\/posts\/49305\/revisions"}],"predecessor-version":[{"id":49308,"href":"https:\/\/blogdoedvaldomagalhaes.com.br\/index.php\/wp-json\/wp\/v2\/posts\/49305\/revisions\/49308"}],"wp:featuredmedia":[{"embeddable":true,"href":"https:\/\/blogdoedvaldomagalhaes.com.br\/index.php\/wp-json\/wp\/v2\/media\/49306"}],"wp:attachment":[{"href":"https:\/\/blogdoedvaldomagalhaes.com.br\/index.php\/wp-json\/wp\/v2\/media?parent=49305"}],"wp:term":[{"taxonomy":"category","embeddable":true,"href":"https:\/\/blogdoedvaldomagalhaes.com.br\/index.php\/wp-json\/wp\/v2\/categories?post=49305"},{"taxonomy":"post_tag","embeddable":true,"href":"https:\/\/blogdoedvaldomagalhaes.com.br\/index.php\/wp-json\/wp\/v2\/tags?post=49305"}],"curies":[{"name":"wp","href":"https:\/\/api.w.org\/{rel}","templated":true}]}}