{"id":49301,"date":"2019-12-07T15:23:39","date_gmt":"2019-12-07T18:23:39","guid":{"rendered":"http:\/\/blogdoedvaldomagalhaes.com.br\/?p=49301"},"modified":"2019-12-07T15:26:40","modified_gmt":"2019-12-07T18:26:40","slug":"agrestina-realiza-5-festival-de-versos-e-viola-neste-domingo-8","status":"publish","type":"post","link":"https:\/\/blogdoedvaldomagalhaes.com.br\/index.php\/2019\/12\/07\/agrestina-realiza-5-festival-de-versos-e-viola-neste-domingo-8\/","title":{"rendered":"Agrestina realiza 5\u00b0 Festival de Versos e Viola neste domingo (8)"},"content":{"rendered":"<p style=\"text-align: justify;\">O 5\u00b0 Festival de Versos e Viola, de Agrestina, Agreste de Pernambuco, ser\u00e1 realizado neste domingo (8), \u00e0s 19h, na Pra\u00e7a Padre C\u00edcero (Centro). A organiza\u00e7\u00e3o do festival \u00e9 da Prefeitura de Agrestina e Associa\u00e7\u00e3o dos Forrozeiros e Trios de P\u00e9 de Serra de Caruaru. O evento \u00e9 gratuito.<\/p>\n<p style=\"text-align: justify;\">A cultura do repente \u00e9 a arte que traduz a realidade do cidad\u00e3o do nordeste brasileiro atrav\u00e9s das improvisa\u00e7\u00f5es de versos ao som de violas. O repente surgiu com os trovadores medievais e se desenvolveu no interior do Nordeste brasileiro, especialmente no meio rural, alcan\u00e7ando, mais tarde, as cidades, e levando reflex\u00e3o acerca dos mais diversificados temas por meio da comunica\u00e7\u00e3o oral.<\/p>\n<p style=\"text-align: justify;\">De acordo com a Prefeitura de Agrestina, o objetivo do festival \u00e9 realizar uma noite de cantorias com participantes do munic\u00edpio e regi\u00e3o, promovendo a cultura dos violeiros e sensibilizando a popula\u00e7\u00e3o, em especial os jovens, sobre a import\u00e2ncia de preservar essa tradi\u00e7\u00e3o popular t\u00e3o importante na hist\u00f3ria do Estado.<\/p>\n<p style=\"text-align: justify;\">O \u201cVersos e Viola\u201d ir\u00e1 classificar duplas do 1\u00b0 ao 5\u00b0 lugar com premia\u00e7\u00e3o em dinheiro e trof\u00e9us. A apresenta\u00e7\u00e3o e declama\u00e7\u00e3o ser\u00e1 de Raud\u00eanio Lima e todo o festival ser\u00e1 composto por agentes ligados ao segmento da cultura popular do verso e viola.<\/p>\n\n\n<figure class=\"wp-block-image size-large\"><img loading=\"lazy\" decoding=\"async\" width=\"819\" height=\"1024\" src=\"http:\/\/blogdoedvaldomagalhaes.com.br\/wp-content\/uploads\/2019\/12\/IMG-20191207-WA0189-819x1024.jpg\" alt=\"\" class=\"wp-image-49303\" srcset=\"https:\/\/blogdoedvaldomagalhaes.com.br\/wp-content\/uploads\/2019\/12\/IMG-20191207-WA0189-819x1024.jpg 819w, https:\/\/blogdoedvaldomagalhaes.com.br\/wp-content\/uploads\/2019\/12\/IMG-20191207-WA0189-240x300.jpg 240w, https:\/\/blogdoedvaldomagalhaes.com.br\/wp-content\/uploads\/2019\/12\/IMG-20191207-WA0189-768x960.jpg 768w, https:\/\/blogdoedvaldomagalhaes.com.br\/wp-content\/uploads\/2019\/12\/IMG-20191207-WA0189.jpg 1024w\" sizes=\"auto, (max-width: 819px) 100vw, 819px\" \/><\/figure>\n","protected":false},"excerpt":{"rendered":"<p>O 5\u00b0 Festival de Versos e Viola, de Agrestina, Agreste de Pernambuco, ser\u00e1 realizado neste domingo (8), \u00e0s 19h, na&hellip;<\/p>\n","protected":false},"author":1,"featured_media":49302,"comment_status":"open","ping_status":"open","sticky":false,"template":"","format":"standard","meta":{"footnotes":""},"categories":[14120],"tags":[16768,2],"class_list":["post-49301","post","type-post","status-publish","format-standard","has-post-thumbnail","hentry","category-noticias","tag-agrestina-realiza-5-festival-de-versos-e-viola-neste-domingo-8","tag-blog-do-edvaldo-magalhaes"],"_links":{"self":[{"href":"https:\/\/blogdoedvaldomagalhaes.com.br\/index.php\/wp-json\/wp\/v2\/posts\/49301","targetHints":{"allow":["GET"]}}],"collection":[{"href":"https:\/\/blogdoedvaldomagalhaes.com.br\/index.php\/wp-json\/wp\/v2\/posts"}],"about":[{"href":"https:\/\/blogdoedvaldomagalhaes.com.br\/index.php\/wp-json\/wp\/v2\/types\/post"}],"author":[{"embeddable":true,"href":"https:\/\/blogdoedvaldomagalhaes.com.br\/index.php\/wp-json\/wp\/v2\/users\/1"}],"replies":[{"embeddable":true,"href":"https:\/\/blogdoedvaldomagalhaes.com.br\/index.php\/wp-json\/wp\/v2\/comments?post=49301"}],"version-history":[{"count":1,"href":"https:\/\/blogdoedvaldomagalhaes.com.br\/index.php\/wp-json\/wp\/v2\/posts\/49301\/revisions"}],"predecessor-version":[{"id":49304,"href":"https:\/\/blogdoedvaldomagalhaes.com.br\/index.php\/wp-json\/wp\/v2\/posts\/49301\/revisions\/49304"}],"wp:featuredmedia":[{"embeddable":true,"href":"https:\/\/blogdoedvaldomagalhaes.com.br\/index.php\/wp-json\/wp\/v2\/media\/49302"}],"wp:attachment":[{"href":"https:\/\/blogdoedvaldomagalhaes.com.br\/index.php\/wp-json\/wp\/v2\/media?parent=49301"}],"wp:term":[{"taxonomy":"category","embeddable":true,"href":"https:\/\/blogdoedvaldomagalhaes.com.br\/index.php\/wp-json\/wp\/v2\/categories?post=49301"},{"taxonomy":"post_tag","embeddable":true,"href":"https:\/\/blogdoedvaldomagalhaes.com.br\/index.php\/wp-json\/wp\/v2\/tags?post=49301"}],"curies":[{"name":"wp","href":"https:\/\/api.w.org\/{rel}","templated":true}]}}