{"id":49298,"date":"2019-12-07T14:17:54","date_gmt":"2019-12-07T17:17:54","guid":{"rendered":"http:\/\/blogdoedvaldomagalhaes.com.br\/?p=49298"},"modified":"2019-12-07T14:18:01","modified_gmt":"2019-12-07T17:18:01","slug":"jose-queiroz-destina-verba-para-construcao-da-sede-da-upe-em-caruaru","status":"publish","type":"post","link":"https:\/\/blogdoedvaldomagalhaes.com.br\/index.php\/2019\/12\/07\/jose-queiroz-destina-verba-para-construcao-da-sede-da-upe-em-caruaru\/","title":{"rendered":"Jos\u00e9 Queiroz destina verba para constru\u00e7\u00e3o da sede da UPE em Caruaru"},"content":{"rendered":"<p style=\"text-align: justify;\">O deputado estadual Jos\u00e9 Queiroz destinou R$ 500 mil de emenda parlamentar para a Universidade de Pernambuco (UPE), que atualmente funciona dentro do Polo Caruaru. O objetivo \u00e9 que a Universidade possa construir sua sede pr\u00f3pria no terreno que foi doado pela prefeitura de Caruaru, quando Queiroz era prefeito, com essa finalidade. O terreno fica localizado nas proximidades do Sesi. O deputado destinou ainda R$ 60 mil para compra de equipamentos.<\/p>\n<p style=\"text-align: justify;\">Al\u00e9m da verba de R$ 560 mil, o deputado federal Wolney Queiroz destinou o montante de R$ 2 milh\u00f5es, tamb\u00e9m de emenda parlamentar, para refor\u00e7ar a viabiliza\u00e7\u00e3o da constru\u00e7\u00e3o. \u201cNosso objetivo \u00e9 que a UPE cres\u00e7a ainda mais em Caruaru e possa abrir o curso de Medicina, sendo mais uma op\u00e7\u00e3o para os jovens, especialmente de baixa renda, que sonham em estudar Medicina em uma universidade p\u00fablica. Por isso, somamos for\u00e7as para que a UPE tenha uma estrutura adequada na nossa cidade\u201d, afirmou Jos\u00e9 Queiroz.<\/p>\n","protected":false},"excerpt":{"rendered":"<p>O deputado estadual Jos\u00e9 Queiroz destinou R$ 500 mil de emenda parlamentar para a Universidade de Pernambuco (UPE), que atualmente&hellip;<\/p>\n","protected":false},"author":1,"featured_media":49299,"comment_status":"open","ping_status":"open","sticky":false,"template":"","format":"standard","meta":{"footnotes":""},"categories":[14122],"tags":[2,16767,1950],"class_list":["post-49298","post","type-post","status-publish","format-standard","has-post-thumbnail","hentry","category-politica","tag-blog-do-edvaldo-magalhaes","tag-jose-queiroz-destina-verba-para-construcao-da-sede-da-upe-em-caruaru","tag-noticias-de-caruaru"],"_links":{"self":[{"href":"https:\/\/blogdoedvaldomagalhaes.com.br\/index.php\/wp-json\/wp\/v2\/posts\/49298","targetHints":{"allow":["GET"]}}],"collection":[{"href":"https:\/\/blogdoedvaldomagalhaes.com.br\/index.php\/wp-json\/wp\/v2\/posts"}],"about":[{"href":"https:\/\/blogdoedvaldomagalhaes.com.br\/index.php\/wp-json\/wp\/v2\/types\/post"}],"author":[{"embeddable":true,"href":"https:\/\/blogdoedvaldomagalhaes.com.br\/index.php\/wp-json\/wp\/v2\/users\/1"}],"replies":[{"embeddable":true,"href":"https:\/\/blogdoedvaldomagalhaes.com.br\/index.php\/wp-json\/wp\/v2\/comments?post=49298"}],"version-history":[{"count":1,"href":"https:\/\/blogdoedvaldomagalhaes.com.br\/index.php\/wp-json\/wp\/v2\/posts\/49298\/revisions"}],"predecessor-version":[{"id":49300,"href":"https:\/\/blogdoedvaldomagalhaes.com.br\/index.php\/wp-json\/wp\/v2\/posts\/49298\/revisions\/49300"}],"wp:featuredmedia":[{"embeddable":true,"href":"https:\/\/blogdoedvaldomagalhaes.com.br\/index.php\/wp-json\/wp\/v2\/media\/49299"}],"wp:attachment":[{"href":"https:\/\/blogdoedvaldomagalhaes.com.br\/index.php\/wp-json\/wp\/v2\/media?parent=49298"}],"wp:term":[{"taxonomy":"category","embeddable":true,"href":"https:\/\/blogdoedvaldomagalhaes.com.br\/index.php\/wp-json\/wp\/v2\/categories?post=49298"},{"taxonomy":"post_tag","embeddable":true,"href":"https:\/\/blogdoedvaldomagalhaes.com.br\/index.php\/wp-json\/wp\/v2\/tags?post=49298"}],"curies":[{"name":"wp","href":"https:\/\/api.w.org\/{rel}","templated":true}]}}