{"id":49288,"date":"2019-12-07T13:32:18","date_gmt":"2019-12-07T16:32:18","guid":{"rendered":"http:\/\/blogdoedvaldomagalhaes.com.br\/?p=49288"},"modified":"2019-12-07T13:32:23","modified_gmt":"2019-12-07T16:32:23","slug":"operacao-duas-rodas-recolhe-94-motocicletas-irregulares-no-agreste-de-pernambuco","status":"publish","type":"post","link":"https:\/\/blogdoedvaldomagalhaes.com.br\/index.php\/2019\/12\/07\/operacao-duas-rodas-recolhe-94-motocicletas-irregulares-no-agreste-de-pernambuco\/","title":{"rendered":"Opera\u00e7\u00e3o Duas Rodas recolhe 94 motocicletas irregulares no Agreste de Pernambuco"},"content":{"rendered":"<p style=\"text-align: justify;\">Foram emitidas 420 autua\u00e7\u00f5es por diversas irregularidades.<\/p>\n<p style=\"text-align: justify;\">Uma opera\u00e7\u00e3o de tr\u00e2nsito recolheu 94 motocicletas irregulares entre segunda-feira (02) e sexta-feira (06), nas cidades de Garanhuns, Lajedo, Caet\u00e9s, Correntes e Salo\u00e1, no Agreste de Pernambuco. Intitulada de &#8220;Duas Rodas&#8221;, a iniciativa da Pol\u00edcia Rodovi\u00e1ria Federal (PRF) visa combater o crime e reduzir os acidentes provocados pelo uso inadequado desses ve\u00edculos.<\/p>\n<p style=\"text-align: justify;\">A opera\u00e7\u00e3o contou com o apoio do Grupo de Motociclistas da PRF e abordou 282 pessoas e 244 ve\u00edculos, sendo emitidas 420 autua\u00e7\u00f5es por diversas irregularidades. Entre elas, falta do capacete e da carteira de habilita\u00e7\u00e3o, licenciamento atrasado, aus\u00eancia de equipamentos obrigat\u00f3rios e mistura de \u00e1lcool e dire\u00e7\u00e3o.<\/p>\n<p style=\"text-align: justify;\">As a\u00e7\u00f5es tamb\u00e9m tiveram como foco coibir crimes com o uso de motocicletas e combater a recepta\u00e7\u00e3o de ve\u00edculos roubados. Durante a fiscaliza\u00e7\u00e3o, dois homens foram detidos com uma moto e uma &#8220;cinquentinha&#8221; furtadas. A primeira foi furtada no munic\u00edpio paulista de Osasco em 2013 e a outra, no Recife em 2016.<\/p>\n<p style=\"text-align: justify;\">Os condutores foram encaminhados \u00e0 delegacia de Pol\u00edcia Civil de Lajedo, onde dever\u00e3o responder por recepta\u00e7\u00e3o de ve\u00edculo roubado.<\/p>\n\n\n<figure class=\"wp-block-image size-large\"><img loading=\"lazy\" decoding=\"async\" width=\"1024\" height=\"621\" src=\"http:\/\/blogdoedvaldomagalhaes.com.br\/wp-content\/uploads\/2019\/12\/IMG-20191207-WA0139-1024x621.jpg\" alt=\"\" class=\"wp-image-49290\" srcset=\"https:\/\/blogdoedvaldomagalhaes.com.br\/wp-content\/uploads\/2019\/12\/IMG-20191207-WA0139-1024x621.jpg 1024w, https:\/\/blogdoedvaldomagalhaes.com.br\/wp-content\/uploads\/2019\/12\/IMG-20191207-WA0139-300x182.jpg 300w, https:\/\/blogdoedvaldomagalhaes.com.br\/wp-content\/uploads\/2019\/12\/IMG-20191207-WA0139-768x465.jpg 768w, https:\/\/blogdoedvaldomagalhaes.com.br\/wp-content\/uploads\/2019\/12\/IMG-20191207-WA0139.jpg 1188w\" sizes=\"auto, (max-width: 1024px) 100vw, 1024px\" \/><\/figure>\n\n\n\n<figure class=\"wp-block-image size-large\"><img loading=\"lazy\" decoding=\"async\" width=\"1024\" height=\"577\" src=\"http:\/\/blogdoedvaldomagalhaes.com.br\/wp-content\/uploads\/2019\/12\/IMG-20191207-WA0135-1024x577.jpg\" alt=\"\" class=\"wp-image-49291\" srcset=\"https:\/\/blogdoedvaldomagalhaes.com.br\/wp-content\/uploads\/2019\/12\/IMG-20191207-WA0135-1024x577.jpg 1024w, https:\/\/blogdoedvaldomagalhaes.com.br\/wp-content\/uploads\/2019\/12\/IMG-20191207-WA0135-300x169.jpg 300w, https:\/\/blogdoedvaldomagalhaes.com.br\/wp-content\/uploads\/2019\/12\/IMG-20191207-WA0135-768x433.jpg 768w, https:\/\/blogdoedvaldomagalhaes.com.br\/wp-content\/uploads\/2019\/12\/IMG-20191207-WA0135-720x405.jpg 720w, https:\/\/blogdoedvaldomagalhaes.com.br\/wp-content\/uploads\/2019\/12\/IMG-20191207-WA0135.jpg 1032w\" sizes=\"auto, (max-width: 1024px) 100vw, 1024px\" \/><\/figure>\n\n\n\n<figure class=\"wp-block-image size-large\"><img loading=\"lazy\" decoding=\"async\" width=\"1024\" height=\"576\" src=\"http:\/\/blogdoedvaldomagalhaes.com.br\/wp-content\/uploads\/2019\/12\/IMG-20191207-WA0137-1024x576.jpg\" alt=\"\" class=\"wp-image-49292\" srcset=\"https:\/\/blogdoedvaldomagalhaes.com.br\/wp-content\/uploads\/2019\/12\/IMG-20191207-WA0137-1024x576.jpg 1024w, https:\/\/blogdoedvaldomagalhaes.com.br\/wp-content\/uploads\/2019\/12\/IMG-20191207-WA0137-300x169.jpg 300w, https:\/\/blogdoedvaldomagalhaes.com.br\/wp-content\/uploads\/2019\/12\/IMG-20191207-WA0137-768x432.jpg 768w, https:\/\/blogdoedvaldomagalhaes.com.br\/wp-content\/uploads\/2019\/12\/IMG-20191207-WA0137-1140x641.jpg 1140w, https:\/\/blogdoedvaldomagalhaes.com.br\/wp-content\/uploads\/2019\/12\/IMG-20191207-WA0137-720x405.jpg 720w, https:\/\/blogdoedvaldomagalhaes.com.br\/wp-content\/uploads\/2019\/12\/IMG-20191207-WA0137.jpg 1280w\" sizes=\"auto, (max-width: 1024px) 100vw, 1024px\" \/><\/figure>\n\n\n\n<figure class=\"wp-block-image size-large\"><img loading=\"lazy\" decoding=\"async\" width=\"1024\" height=\"576\" src=\"http:\/\/blogdoedvaldomagalhaes.com.br\/wp-content\/uploads\/2019\/12\/IMG-20191207-WA0138-1024x576.jpg\" alt=\"\" class=\"wp-image-49293\" srcset=\"https:\/\/blogdoedvaldomagalhaes.com.br\/wp-content\/uploads\/2019\/12\/IMG-20191207-WA0138-1024x576.jpg 1024w, https:\/\/blogdoedvaldomagalhaes.com.br\/wp-content\/uploads\/2019\/12\/IMG-20191207-WA0138-300x169.jpg 300w, https:\/\/blogdoedvaldomagalhaes.com.br\/wp-content\/uploads\/2019\/12\/IMG-20191207-WA0138-768x432.jpg 768w, https:\/\/blogdoedvaldomagalhaes.com.br\/wp-content\/uploads\/2019\/12\/IMG-20191207-WA0138-1140x641.jpg 1140w, https:\/\/blogdoedvaldomagalhaes.com.br\/wp-content\/uploads\/2019\/12\/IMG-20191207-WA0138-720x405.jpg 720w, https:\/\/blogdoedvaldomagalhaes.com.br\/wp-content\/uploads\/2019\/12\/IMG-20191207-WA0138.jpg 1280w\" sizes=\"auto, (max-width: 1024px) 100vw, 1024px\" \/><\/figure>\n\n\n\n<figure class=\"wp-block-image size-large\"><img loading=\"lazy\" decoding=\"async\" width=\"988\" height=\"581\" src=\"http:\/\/blogdoedvaldomagalhaes.com.br\/wp-content\/uploads\/2019\/12\/IMG-20191207-WA0133.jpg\" alt=\"\" class=\"wp-image-49294\" srcset=\"https:\/\/blogdoedvaldomagalhaes.com.br\/wp-content\/uploads\/2019\/12\/IMG-20191207-WA0133.jpg 988w, https:\/\/blogdoedvaldomagalhaes.com.br\/wp-content\/uploads\/2019\/12\/IMG-20191207-WA0133-300x176.jpg 300w, https:\/\/blogdoedvaldomagalhaes.com.br\/wp-content\/uploads\/2019\/12\/IMG-20191207-WA0133-768x452.jpg 768w\" sizes=\"auto, (max-width: 988px) 100vw, 988px\" \/><\/figure>\n\n\n\n<figure class=\"wp-block-image size-large\"><img loading=\"lazy\" decoding=\"async\" width=\"878\" height=\"582\" src=\"http:\/\/blogdoedvaldomagalhaes.com.br\/wp-content\/uploads\/2019\/12\/IMG-20191207-WA0134.jpg\" alt=\"\" class=\"wp-image-49295\" srcset=\"https:\/\/blogdoedvaldomagalhaes.com.br\/wp-content\/uploads\/2019\/12\/IMG-20191207-WA0134.jpg 878w, https:\/\/blogdoedvaldomagalhaes.com.br\/wp-content\/uploads\/2019\/12\/IMG-20191207-WA0134-300x199.jpg 300w, https:\/\/blogdoedvaldomagalhaes.com.br\/wp-content\/uploads\/2019\/12\/IMG-20191207-WA0134-768x509.jpg 768w\" sizes=\"auto, (max-width: 878px) 100vw, 878px\" \/><figcaption>Informa\u00e7\u00f5es e fotos: PRF<\/figcaption><\/figure>\n","protected":false},"excerpt":{"rendered":"<p>Foram emitidas 420 autua\u00e7\u00f5es por diversas irregularidades. Uma opera\u00e7\u00e3o de tr\u00e2nsito recolheu 94 motocicletas irregulares entre segunda-feira (02) e sexta-feira&hellip;<\/p>\n","protected":false},"author":1,"featured_media":49289,"comment_status":"open","ping_status":"open","sticky":false,"template":"","format":"standard","meta":{"footnotes":""},"categories":[14121],"tags":[2,16766],"class_list":["post-49288","post","type-post","status-publish","format-standard","has-post-thumbnail","hentry","category-policial","tag-blog-do-edvaldo-magalhaes","tag-operacao-duas-rodas-recolhe-94-motocicletas-irregulares-no-agreste-de-pernambuco"],"_links":{"self":[{"href":"https:\/\/blogdoedvaldomagalhaes.com.br\/index.php\/wp-json\/wp\/v2\/posts\/49288","targetHints":{"allow":["GET"]}}],"collection":[{"href":"https:\/\/blogdoedvaldomagalhaes.com.br\/index.php\/wp-json\/wp\/v2\/posts"}],"about":[{"href":"https:\/\/blogdoedvaldomagalhaes.com.br\/index.php\/wp-json\/wp\/v2\/types\/post"}],"author":[{"embeddable":true,"href":"https:\/\/blogdoedvaldomagalhaes.com.br\/index.php\/wp-json\/wp\/v2\/users\/1"}],"replies":[{"embeddable":true,"href":"https:\/\/blogdoedvaldomagalhaes.com.br\/index.php\/wp-json\/wp\/v2\/comments?post=49288"}],"version-history":[{"count":1,"href":"https:\/\/blogdoedvaldomagalhaes.com.br\/index.php\/wp-json\/wp\/v2\/posts\/49288\/revisions"}],"predecessor-version":[{"id":49296,"href":"https:\/\/blogdoedvaldomagalhaes.com.br\/index.php\/wp-json\/wp\/v2\/posts\/49288\/revisions\/49296"}],"wp:featuredmedia":[{"embeddable":true,"href":"https:\/\/blogdoedvaldomagalhaes.com.br\/index.php\/wp-json\/wp\/v2\/media\/49289"}],"wp:attachment":[{"href":"https:\/\/blogdoedvaldomagalhaes.com.br\/index.php\/wp-json\/wp\/v2\/media?parent=49288"}],"wp:term":[{"taxonomy":"category","embeddable":true,"href":"https:\/\/blogdoedvaldomagalhaes.com.br\/index.php\/wp-json\/wp\/v2\/categories?post=49288"},{"taxonomy":"post_tag","embeddable":true,"href":"https:\/\/blogdoedvaldomagalhaes.com.br\/index.php\/wp-json\/wp\/v2\/tags?post=49288"}],"curies":[{"name":"wp","href":"https:\/\/api.w.org\/{rel}","templated":true}]}}