{"id":49278,"date":"2019-12-07T13:03:46","date_gmt":"2019-12-07T16:03:46","guid":{"rendered":"http:\/\/blogdoedvaldomagalhaes.com.br\/?p=49278"},"modified":"2019-12-07T13:09:01","modified_gmt":"2019-12-07T16:09:01","slug":"barragem-que-atende-jatauba-entra-em-colapso-e-compesa-suspende-abastecimento","status":"publish","type":"post","link":"https:\/\/blogdoedvaldomagalhaes.com.br\/index.php\/2019\/12\/07\/barragem-que-atende-jatauba-entra-em-colapso-e-compesa-suspende-abastecimento\/","title":{"rendered":"Barragem que atende Jata\u00faba entra em colapso e Compesa suspende abastecimento"},"content":{"rendered":"<p style=\"text-align: justify;\">A barragem Po\u00e7o Fundo est\u00e1 em colapso e n\u00e3o tem mais como captar \u00e1gua para o abastecimento do munic\u00edpio de Jata\u00faba, Agreste de Pernambuco. A barragem tem capacidade de armazenar 27 milh\u00f5es de metros c\u00fabicos de \u00e1gua e est\u00e1 em situa\u00e7\u00e3o cr\u00edtica de volume de acumula\u00e7\u00e3o, com apenas 2% de sua capacidade.<\/p>\n<p style=\"text-align: justify;\">Diante da situa\u00e7\u00e3o, a Compesa viabilizar\u00e1 apenas o abastecimento dos pr\u00e9dios p\u00fablicos por meio de caminh\u00f5es pipa. O gerente Regional da Companhia, Bruno Adelino, esclarece que a situa\u00e7\u00e3o de escassez h\u00eddrica infelizmente impede o abastecimento, mas ressalta que a situa\u00e7\u00e3o ser\u00e1 revertida a partir da entrega da obra da Adutora do Alto Capibaribe, prevista para 2020.<\/p>\n<p style=\"text-align: justify;\">Com um investimento de 82 milh\u00f5es de reais, a adutora vai acelerar a chegada da \u00e1gua da Transposi\u00e7\u00e3o do Rio S\u00e3o Francisco para 230 mil pessoas em nove cidades do Agreste e tamb\u00e9m em um munic\u00edpio da Para\u00edba, Barra de S\u00e3o Miguel. A adutora ter\u00e1 70 quil\u00f4metros de extens\u00e3o e vai captar \u00e1gua da Transposi\u00e7\u00e3o no Rio Para\u00edba, perto do A\u00e7ude Boqueir\u00e3o, em Barra de S\u00e3o Miguel.<\/p>\n<p style=\"text-align: justify;\">A nova adutora vai abastecer as cidades de Santa Cruz do Capibaribe, Toritama, Jata\u00faba, Vertentes, Vertente do L\u00e9rio, Santa Maria do Cambuc\u00e1, Taquaritinga do Norte, Frei Miguelinho e Brejo da Madre de Deus.<\/p>\n","protected":false},"excerpt":{"rendered":"<p>A barragem Po\u00e7o Fundo est\u00e1 em colapso e n\u00e3o tem mais como captar \u00e1gua para o abastecimento do munic\u00edpio de&hellip;<\/p>\n","protected":false},"author":1,"featured_media":49279,"comment_status":"open","ping_status":"open","sticky":false,"template":"","format":"standard","meta":{"footnotes":""},"categories":[14120],"tags":[16764,2],"class_list":["post-49278","post","type-post","status-publish","format-standard","has-post-thumbnail","hentry","category-noticias","tag-barragem-que-atende-jatauba-entra-em-colapso-e-compesa-suspende-abastecimento","tag-blog-do-edvaldo-magalhaes"],"_links":{"self":[{"href":"https:\/\/blogdoedvaldomagalhaes.com.br\/index.php\/wp-json\/wp\/v2\/posts\/49278","targetHints":{"allow":["GET"]}}],"collection":[{"href":"https:\/\/blogdoedvaldomagalhaes.com.br\/index.php\/wp-json\/wp\/v2\/posts"}],"about":[{"href":"https:\/\/blogdoedvaldomagalhaes.com.br\/index.php\/wp-json\/wp\/v2\/types\/post"}],"author":[{"embeddable":true,"href":"https:\/\/blogdoedvaldomagalhaes.com.br\/index.php\/wp-json\/wp\/v2\/users\/1"}],"replies":[{"embeddable":true,"href":"https:\/\/blogdoedvaldomagalhaes.com.br\/index.php\/wp-json\/wp\/v2\/comments?post=49278"}],"version-history":[{"count":1,"href":"https:\/\/blogdoedvaldomagalhaes.com.br\/index.php\/wp-json\/wp\/v2\/posts\/49278\/revisions"}],"predecessor-version":[{"id":49280,"href":"https:\/\/blogdoedvaldomagalhaes.com.br\/index.php\/wp-json\/wp\/v2\/posts\/49278\/revisions\/49280"}],"wp:featuredmedia":[{"embeddable":true,"href":"https:\/\/blogdoedvaldomagalhaes.com.br\/index.php\/wp-json\/wp\/v2\/media\/49279"}],"wp:attachment":[{"href":"https:\/\/blogdoedvaldomagalhaes.com.br\/index.php\/wp-json\/wp\/v2\/media?parent=49278"}],"wp:term":[{"taxonomy":"category","embeddable":true,"href":"https:\/\/blogdoedvaldomagalhaes.com.br\/index.php\/wp-json\/wp\/v2\/categories?post=49278"},{"taxonomy":"post_tag","embeddable":true,"href":"https:\/\/blogdoedvaldomagalhaes.com.br\/index.php\/wp-json\/wp\/v2\/tags?post=49278"}],"curies":[{"name":"wp","href":"https:\/\/api.w.org\/{rel}","templated":true}]}}