{"id":49262,"date":"2019-12-06T10:41:47","date_gmt":"2019-12-06T13:41:47","guid":{"rendered":"http:\/\/blogdoedvaldomagalhaes.com.br\/?p=49262"},"modified":"2019-12-06T10:41:53","modified_gmt":"2019-12-06T13:41:53","slug":"prefeitura-de-caruaru-abre-votacao-popular-para-o-registro-do-patrimonio-vivo","status":"publish","type":"post","link":"https:\/\/blogdoedvaldomagalhaes.com.br\/index.php\/2019\/12\/06\/prefeitura-de-caruaru-abre-votacao-popular-para-o-registro-do-patrimonio-vivo\/","title":{"rendered":"Prefeitura de Caruaru abre vota\u00e7\u00e3o popular para o Registro do Patrim\u00f4nio Vivo"},"content":{"rendered":"<p style=\"text-align: justify;\">A Prefeitura de Caruaru, atrav\u00e9s da Funda\u00e7\u00e3o de Cultura e Turismo, abre nesta sexta-feira (6) a vota\u00e7\u00e3o popular para a escolha de um dos integrantes do I Registro do Patrim\u00f4nio Vivo do munic\u00edpio. S\u00e3o 32 habilitados pelo edital ap\u00f3s a an\u00e1lise do m\u00e9rito art\u00edstico e cultural e apenas um ser\u00e1 escolhido pela popula\u00e7\u00e3o.<\/p>\n<p style=\"text-align: justify;\">Cada pessoa pode votar apenas uma vez em um dos candidatos, atrav\u00e9s do site<br \/>\npatrimoniovivo.caruaru.pe.gov.br. O prazo para a vota\u00e7\u00e3o acaba no dia 12 de dezembro, pr\u00f3xima quinta-feira. O resultado do mais votado etapa ser\u00e1 divulgado no dia 13 de dezembro, durante o encerramento da programa\u00e7\u00e3o da Semana &#8220;Viva Gonzaga&#8221;.<\/p>\n<p style=\"text-align: justify;\">Ap\u00f3s esta fase, os demais candidatos passar\u00e3o por uma Comiss\u00e3o Especial de An\u00e1lise constitu\u00edda por cinco membros de Caruaru, sendo dois representantes da Funda\u00e7\u00e3o de Cultura e Turismo; dois do Conselho Municipal de Pol\u00edticas Culturais (CMPC); e um da C\u00e2mara Legislativa Municipal de Caruaru. Ao todo, este primeiro edital selecionar\u00e1 cinco integrantes do Registro do Patrim\u00f4nio Vivo.<\/p>\n<p style=\"text-align: justify;\">O Registro do Patrim\u00f4nio Vivo de Caruaru (RPV- Caruaru) tem objetivo de oferecer apoio financeiro e tamb\u00e9m de preserva\u00e7\u00e3o, por incentivo do Governo Municipal, para os processos de cria\u00e7\u00e3o e divulga\u00e7\u00e3o de t\u00e9cnicas; modos de fazer e saberes das culturas tradicionais ou populares; mediante atividades, a\u00e7\u00f5es e projetos desenvolvidos por pessoas f\u00edsicas ou jur\u00eddicas de natureza cultura; sem fins lucrativos, residentes ou domiciliados e com atua\u00e7\u00e3o no munic\u00edpio h\u00e1 mais de 20 anos, contados da data do pedido de inscri\u00e7\u00e3o.<\/p>\n","protected":false},"excerpt":{"rendered":"<p>A Prefeitura de Caruaru, atrav\u00e9s da Funda\u00e7\u00e3o de Cultura e Turismo, abre nesta sexta-feira (6) a vota\u00e7\u00e3o popular para a&hellip;<\/p>\n","protected":false},"author":1,"featured_media":49263,"comment_status":"open","ping_status":"open","sticky":false,"template":"","format":"standard","meta":{"footnotes":""},"categories":[14120],"tags":[2,16761],"class_list":["post-49262","post","type-post","status-publish","format-standard","has-post-thumbnail","hentry","category-noticias","tag-blog-do-edvaldo-magalhaes","tag-prefeitura-de-caruaru-abre-votacao-popular-para-o-registro-do-patrimonio-vivo"],"_links":{"self":[{"href":"https:\/\/blogdoedvaldomagalhaes.com.br\/index.php\/wp-json\/wp\/v2\/posts\/49262","targetHints":{"allow":["GET"]}}],"collection":[{"href":"https:\/\/blogdoedvaldomagalhaes.com.br\/index.php\/wp-json\/wp\/v2\/posts"}],"about":[{"href":"https:\/\/blogdoedvaldomagalhaes.com.br\/index.php\/wp-json\/wp\/v2\/types\/post"}],"author":[{"embeddable":true,"href":"https:\/\/blogdoedvaldomagalhaes.com.br\/index.php\/wp-json\/wp\/v2\/users\/1"}],"replies":[{"embeddable":true,"href":"https:\/\/blogdoedvaldomagalhaes.com.br\/index.php\/wp-json\/wp\/v2\/comments?post=49262"}],"version-history":[{"count":1,"href":"https:\/\/blogdoedvaldomagalhaes.com.br\/index.php\/wp-json\/wp\/v2\/posts\/49262\/revisions"}],"predecessor-version":[{"id":49264,"href":"https:\/\/blogdoedvaldomagalhaes.com.br\/index.php\/wp-json\/wp\/v2\/posts\/49262\/revisions\/49264"}],"wp:featuredmedia":[{"embeddable":true,"href":"https:\/\/blogdoedvaldomagalhaes.com.br\/index.php\/wp-json\/wp\/v2\/media\/49263"}],"wp:attachment":[{"href":"https:\/\/blogdoedvaldomagalhaes.com.br\/index.php\/wp-json\/wp\/v2\/media?parent=49262"}],"wp:term":[{"taxonomy":"category","embeddable":true,"href":"https:\/\/blogdoedvaldomagalhaes.com.br\/index.php\/wp-json\/wp\/v2\/categories?post=49262"},{"taxonomy":"post_tag","embeddable":true,"href":"https:\/\/blogdoedvaldomagalhaes.com.br\/index.php\/wp-json\/wp\/v2\/tags?post=49262"}],"curies":[{"name":"wp","href":"https:\/\/api.w.org\/{rel}","templated":true}]}}