{"id":49252,"date":"2019-12-06T09:53:23","date_gmt":"2019-12-06T12:53:23","guid":{"rendered":"http:\/\/blogdoedvaldomagalhaes.com.br\/?p=49252"},"modified":"2019-12-06T09:53:26","modified_gmt":"2019-12-06T12:53:26","slug":"alexandre-farias-vai-receber-titulo-de-cidadao-caruaruense","status":"publish","type":"post","link":"https:\/\/blogdoedvaldomagalhaes.com.br\/index.php\/2019\/12\/06\/alexandre-farias-vai-receber-titulo-de-cidadao-caruaruense\/","title":{"rendered":"Alexandre Farias vai receber T\u00edtulo de Cidad\u00e3o Caruaruense"},"content":{"rendered":"<p style=\"text-align: justify;\">O jornalista Alexandre Farias, que atuou como editor e apresentador do ABTV 2\u00aa edi\u00e7\u00e3o da TV Asa Branca, vai receber o t\u00edtulo de cidadania caruaruense.<\/p>\n<p style=\"text-align: justify;\">A honraria de propositura do vereador e presidente da C\u00e2mara Municipal de Caruaru, Lula T\u00f4rres (PSDB), ser\u00e1 entregue durante uma sess\u00e3o solene no dia 13 de dezembro \u00e0s 19h30 na C\u00e2mara de Vereadores de Caruaru.<\/p>\n<p style=\"text-align: justify;\">Natural do munic\u00edpio do Cabo de Santo Agostinho (embora tenha vivido grande parte da vida em Escada na Mata Sul), Alexandre teve o trabalho e moradia em Caruaru interrompidos (Alexandre morou no bairro das Rendeiras e no Alto do Moura) ap\u00f3s ser v\u00edtima de uma bala perdida durante uma troca de tiros entre bandidos e pol\u00edcia, no dia 16 de setembro de 2017.<\/p>\n<p style=\"text-align: justify;\">Naquela ocasi\u00e3o, Caruaru enfrentava um problema s\u00e9rio de seguran\u00e7a com n\u00fameros alarmantes de casos de viol\u00eancia como assaltos, roubos de carro e homic\u00eddios. Dois meses depois do \u2018caso de Alexandre\u2019, Caruaru recebeu o 1\u00ba Biesp \u2013 Batalh\u00e3o Integrado Especializado.<\/p>\n<p style=\"text-align: justify;\">Alexandre segue em recupera\u00e7\u00e3o no Recife fazendo fisioterapia constante para voltar a andar. O jornalista tem visitado cidades pernambucanas com a palestra \u2018A Vida Venceu\u2019 contando a hist\u00f3ria de supera\u00e7\u00e3o de quem esteve entre a vida e a morte.<\/p>\n<p style=\"text-align: justify;\">Inclusive nesta sexta-feira (06) Alexandre estar\u00e1 com essa palestra na FAFICA \u00e0s 20h. O ingresso s\u00e3o 2kg de alimento.<\/p>\n","protected":false},"excerpt":{"rendered":"<p>O jornalista Alexandre Farias, que atuou como editor e apresentador do ABTV 2\u00aa edi\u00e7\u00e3o da TV Asa Branca, vai receber&hellip;<\/p>\n","protected":false},"author":1,"featured_media":49253,"comment_status":"open","ping_status":"open","sticky":false,"template":"","format":"standard","meta":{"footnotes":""},"categories":[14120],"tags":[16759,2,1950],"class_list":["post-49252","post","type-post","status-publish","format-standard","has-post-thumbnail","hentry","category-noticias","tag-alexandre-farias-vai-receber-titulo-de-cidadao-caruaruense","tag-blog-do-edvaldo-magalhaes","tag-noticias-de-caruaru"],"_links":{"self":[{"href":"https:\/\/blogdoedvaldomagalhaes.com.br\/index.php\/wp-json\/wp\/v2\/posts\/49252","targetHints":{"allow":["GET"]}}],"collection":[{"href":"https:\/\/blogdoedvaldomagalhaes.com.br\/index.php\/wp-json\/wp\/v2\/posts"}],"about":[{"href":"https:\/\/blogdoedvaldomagalhaes.com.br\/index.php\/wp-json\/wp\/v2\/types\/post"}],"author":[{"embeddable":true,"href":"https:\/\/blogdoedvaldomagalhaes.com.br\/index.php\/wp-json\/wp\/v2\/users\/1"}],"replies":[{"embeddable":true,"href":"https:\/\/blogdoedvaldomagalhaes.com.br\/index.php\/wp-json\/wp\/v2\/comments?post=49252"}],"version-history":[{"count":1,"href":"https:\/\/blogdoedvaldomagalhaes.com.br\/index.php\/wp-json\/wp\/v2\/posts\/49252\/revisions"}],"predecessor-version":[{"id":49254,"href":"https:\/\/blogdoedvaldomagalhaes.com.br\/index.php\/wp-json\/wp\/v2\/posts\/49252\/revisions\/49254"}],"wp:featuredmedia":[{"embeddable":true,"href":"https:\/\/blogdoedvaldomagalhaes.com.br\/index.php\/wp-json\/wp\/v2\/media\/49253"}],"wp:attachment":[{"href":"https:\/\/blogdoedvaldomagalhaes.com.br\/index.php\/wp-json\/wp\/v2\/media?parent=49252"}],"wp:term":[{"taxonomy":"category","embeddable":true,"href":"https:\/\/blogdoedvaldomagalhaes.com.br\/index.php\/wp-json\/wp\/v2\/categories?post=49252"},{"taxonomy":"post_tag","embeddable":true,"href":"https:\/\/blogdoedvaldomagalhaes.com.br\/index.php\/wp-json\/wp\/v2\/tags?post=49252"}],"curies":[{"name":"wp","href":"https:\/\/api.w.org\/{rel}","templated":true}]}}