{"id":49249,"date":"2019-12-06T09:45:12","date_gmt":"2019-12-06T12:45:12","guid":{"rendered":"http:\/\/blogdoedvaldomagalhaes.com.br\/?p=49249"},"modified":"2019-12-06T19:27:58","modified_gmt":"2019-12-06T22:27:58","slug":"tentativa-de-assalto-no-campus-do-ifpe-caruaru-termina-com-um-suspeito-morto","status":"publish","type":"post","link":"https:\/\/blogdoedvaldomagalhaes.com.br\/index.php\/2019\/12\/06\/tentativa-de-assalto-no-campus-do-ifpe-caruaru-termina-com-um-suspeito-morto\/","title":{"rendered":"Tentativa de assalto no campus do IFPE Caruaru termina com um suspeito morto"},"content":{"rendered":"<p style=\"text-align: justify;\">Segundo informa\u00e7\u00f5es da pol\u00edcia, por volta de 1h40 da madrugada desta sexta-feira (07), tr\u00eas suspeitos com arma de fogo invadiram o campus do IFPE Caruaru, localizado na estrada do Alto do Moura, anunciaram um assalto, mandaram o vigilante colocar a arma no ch\u00e3o e come\u00e7aram a atirar, para se proteger, o vigilante revidou os disparos de arma de fogo e se escondeu, em seguida, acionou a Pol\u00edcia Militar, que ao chegar no local, encontrou um dos suspeitos morto com um tiro na cabe\u00e7a e um rev\u00f3lver ao lado.<\/p>\n<p style=\"text-align: justify;\">De acordo com a pol\u00edcia, o suspeito foi morto por um dos disparos dos pr\u00f3prios comparsas. Douglas da Silva, conhecido como &#8220;Dod\u00f4&#8221;, de 17 anos e que iria completar 18 anos no dia 30 deste m\u00eas, foi identificado no final da manh\u00e3 desta sexta-feira (06) no Instituto M\u00e9dico Legal (IML). Douglas era natural do Recife e h\u00e1 alguns anos estava residindo na Vila do Aeroporto, em Caruaru. Ele j\u00e1 foi apreendido na Funase por furto, era usu\u00e1rio de drogas, e usava um colete bal\u00edstico, sendo morto ao ser atingido com um tiro na testa.<\/p>\n\n\n<p><\/p>\n","protected":false},"excerpt":{"rendered":"<p>Segundo informa\u00e7\u00f5es da pol\u00edcia, por volta de 1h40 da madrugada desta sexta-feira (07), tr\u00eas suspeitos com arma de fogo invadiram&hellip;<\/p>\n","protected":false},"author":1,"featured_media":49250,"comment_status":"open","ping_status":"open","sticky":false,"template":"","format":"standard","meta":{"footnotes":""},"categories":[14121],"tags":[2,1950,16758],"class_list":["post-49249","post","type-post","status-publish","format-standard","has-post-thumbnail","hentry","category-policial","tag-blog-do-edvaldo-magalhaes","tag-noticias-de-caruaru","tag-tentativa-de-assalto-no-campus-do-ifpe-caruaru-termina-com-um-suspeito-morto"],"_links":{"self":[{"href":"https:\/\/blogdoedvaldomagalhaes.com.br\/index.php\/wp-json\/wp\/v2\/posts\/49249","targetHints":{"allow":["GET"]}}],"collection":[{"href":"https:\/\/blogdoedvaldomagalhaes.com.br\/index.php\/wp-json\/wp\/v2\/posts"}],"about":[{"href":"https:\/\/blogdoedvaldomagalhaes.com.br\/index.php\/wp-json\/wp\/v2\/types\/post"}],"author":[{"embeddable":true,"href":"https:\/\/blogdoedvaldomagalhaes.com.br\/index.php\/wp-json\/wp\/v2\/users\/1"}],"replies":[{"embeddable":true,"href":"https:\/\/blogdoedvaldomagalhaes.com.br\/index.php\/wp-json\/wp\/v2\/comments?post=49249"}],"version-history":[{"count":4,"href":"https:\/\/blogdoedvaldomagalhaes.com.br\/index.php\/wp-json\/wp\/v2\/posts\/49249\/revisions"}],"predecessor-version":[{"id":49271,"href":"https:\/\/blogdoedvaldomagalhaes.com.br\/index.php\/wp-json\/wp\/v2\/posts\/49249\/revisions\/49271"}],"wp:featuredmedia":[{"embeddable":true,"href":"https:\/\/blogdoedvaldomagalhaes.com.br\/index.php\/wp-json\/wp\/v2\/media\/49250"}],"wp:attachment":[{"href":"https:\/\/blogdoedvaldomagalhaes.com.br\/index.php\/wp-json\/wp\/v2\/media?parent=49249"}],"wp:term":[{"taxonomy":"category","embeddable":true,"href":"https:\/\/blogdoedvaldomagalhaes.com.br\/index.php\/wp-json\/wp\/v2\/categories?post=49249"},{"taxonomy":"post_tag","embeddable":true,"href":"https:\/\/blogdoedvaldomagalhaes.com.br\/index.php\/wp-json\/wp\/v2\/tags?post=49249"}],"curies":[{"name":"wp","href":"https:\/\/api.w.org\/{rel}","templated":true}]}}