{"id":49202,"date":"2019-12-05T14:19:06","date_gmt":"2019-12-05T17:19:06","guid":{"rendered":"http:\/\/blogdoedvaldomagalhaes.com.br\/?p=49202"},"modified":"2019-12-05T14:19:08","modified_gmt":"2019-12-05T17:19:08","slug":"curta-metragem-gravado-em-caruaru-vence-mostra-nacional-do-cinefest-votorantim","status":"publish","type":"post","link":"https:\/\/blogdoedvaldomagalhaes.com.br\/index.php\/2019\/12\/05\/curta-metragem-gravado-em-caruaru-vence-mostra-nacional-do-cinefest-votorantim\/","title":{"rendered":"Curta metragem gravado em Caruaru vence mostra nacional do Cinefest Votorantim"},"content":{"rendered":"<p style=\"text-align: justify;\"><span style=\"font-size: inherit;\">Obra tamb\u00e9m foi premiada como Melhor Roteiro Original. Premia\u00e7\u00e3o aconteceu no Audit\u00f3rio Municipal Francisco Beranger, na cidade de Votorantim, interior de S\u00e3o Paulo.<\/span><\/p>\n<p style=\"text-align: justify;\">\u201cO Balido Interno\u201d, do diretor Eder De\u00f3, foi eleito o Melhor Curta da Mostra Nacional do 11\u00ba Cinefest Votorantim, realizado entre os dias 18 a 30 de novembro. O curta ainda levou o pr\u00eamio de Melhor Roteiro Original. A produ\u00e7\u00e3o, que tem como cen\u00e1rio a Feira de Ra\u00edzes e Ervas Medicinais de Caruaru, concorreu com 26 curtas de todas as regi\u00f5es do Pa\u00eds na Mostra Pindorama (Nacional). Este ano, o festival recebeu um n\u00famero recorde de 728 inscri\u00e7\u00f5es. Desde que foi lan\u00e7ado, em fevereiro deste ano, o segundo filme de Eder De\u00f3 foi selecionado para nove festivais de abrang\u00eancia regional e nacional, entre eles, o 47\u00ba Festival de Cinema de Gramado.<\/p>\n<p style=\"text-align: justify;\">\u201cQuando ouvi meu nome ser chamado para receber o pr\u00eamio de Melhor Roteiro, demorou para cair a ficha. Sa\u00edram mais alguns pr\u00eamios, e a\u00ed o an\u00fancio: o pr\u00eamio de Melhor Curta Nacional era de O Balido Interno. Apesar da \u00f3tima recep\u00e7\u00e3o do filme no festival e do feedback positivo de diretores, p\u00fablico e cr\u00edticos que estavam l\u00e1, foi uma grande surpresa. Creio que o destaque veio porque o curta aborda temas atuais, mas de uma maneira fora da curva, usando uma linguagem metaf\u00f3rica e surpreendente no final\u201d, afirma o diretor Eder De\u00f3. O diretor n\u00e3o esconde a felicidade em trazer o pr\u00eamio para Caruaru. \u201c\u00c9 algo quase indescrit\u00edvel. Poder estimular pessoas a fazer cinema e seguir seus sonhos \u00e9 o maior trof\u00e9u\u201d.<\/p>\n<p style=\"text-align: justify;\">Eder De\u00f3 ainda destaca a import\u00e2ncia desse reconhecimento para quem trabalha com o audiovisual na atualidade. \u201cQuando eu era pequeno, sempre sonhei em fazer cinema. Nem astronauta, nem bombeiro, eu queria contar hist\u00f3rias. Mas pensava ser inalcan\u00e7\u00e1vel. \u00c9 importante estimular as pessoas a seguirem seus sonhos, por mais distantes que pare\u00e7am, ainda mais nesse per\u00edodo turbulento que nosso cinema atravessa. Quando recebo coment\u00e1rios nas redes sociais de pessoas que t\u00eam no meu trabalho um est\u00edmulo para suas produ\u00e7\u00f5es, meu cora\u00e7\u00e3o dispara de alegria\u201d, finaliza.<\/p>\n<p style=\"text-align: justify;\">Festivais \u2013 Al\u00e9m do 11\u00ba Cinefest Votorantim, \u201cO Balido Interno\u201d foi selecionado para o 47\u00ba Festival de Cinema de Gramado, 2\u00ba FestCine Pedra Azul, FestCimm, 12\u00ba Curta Taquary, 6\u00ba Festival de Cinema de Caruaru, 6\u00ba Cine Jardim, 2\u00ba Palmacine e 21\u00aa Festival de Curtas de Pernambuco (Festcine). Os dois \u00faltimos acontecer\u00e3o em dezembro: o primeiro do dia quatro ao dia sete; e o segundo no dia 11.<\/p>\n\n\n<figure class=\"wp-block-image size-large\"><img loading=\"lazy\" decoding=\"async\" width=\"682\" height=\"1024\" src=\"http:\/\/blogdoedvaldomagalhaes.com.br\/wp-content\/uploads\/2019\/12\/IMG-20191203-WA0164-682x1024.jpg\" alt=\"\" class=\"wp-image-49204\" srcset=\"https:\/\/blogdoedvaldomagalhaes.com.br\/wp-content\/uploads\/2019\/12\/IMG-20191203-WA0164-682x1024.jpg 682w, https:\/\/blogdoedvaldomagalhaes.com.br\/wp-content\/uploads\/2019\/12\/IMG-20191203-WA0164-200x300.jpg 200w, https:\/\/blogdoedvaldomagalhaes.com.br\/wp-content\/uploads\/2019\/12\/IMG-20191203-WA0164-768x1152.jpg 768w, https:\/\/blogdoedvaldomagalhaes.com.br\/wp-content\/uploads\/2019\/12\/IMG-20191203-WA0164.jpg 853w\" sizes=\"auto, (max-width: 682px) 100vw, 682px\" \/><figcaption>Fotos: Renand Zovka<\/figcaption><\/figure>\n","protected":false},"excerpt":{"rendered":"<p>Obra tamb\u00e9m foi premiada como Melhor Roteiro Original. Premia\u00e7\u00e3o aconteceu no Audit\u00f3rio Municipal Francisco Beranger, na cidade de Votorantim, interior&hellip;<\/p>\n","protected":false},"author":1,"featured_media":49203,"comment_status":"open","ping_status":"open","sticky":false,"template":"","format":"standard","meta":{"footnotes":""},"categories":[14120],"tags":[2,16748],"class_list":["post-49202","post","type-post","status-publish","format-standard","has-post-thumbnail","hentry","category-noticias","tag-blog-do-edvaldo-magalhaes","tag-curta-metragem-gravado-em-caruaru-vence-mostra-nacional-do-cinefest-votorantim"],"_links":{"self":[{"href":"https:\/\/blogdoedvaldomagalhaes.com.br\/index.php\/wp-json\/wp\/v2\/posts\/49202","targetHints":{"allow":["GET"]}}],"collection":[{"href":"https:\/\/blogdoedvaldomagalhaes.com.br\/index.php\/wp-json\/wp\/v2\/posts"}],"about":[{"href":"https:\/\/blogdoedvaldomagalhaes.com.br\/index.php\/wp-json\/wp\/v2\/types\/post"}],"author":[{"embeddable":true,"href":"https:\/\/blogdoedvaldomagalhaes.com.br\/index.php\/wp-json\/wp\/v2\/users\/1"}],"replies":[{"embeddable":true,"href":"https:\/\/blogdoedvaldomagalhaes.com.br\/index.php\/wp-json\/wp\/v2\/comments?post=49202"}],"version-history":[{"count":1,"href":"https:\/\/blogdoedvaldomagalhaes.com.br\/index.php\/wp-json\/wp\/v2\/posts\/49202\/revisions"}],"predecessor-version":[{"id":49205,"href":"https:\/\/blogdoedvaldomagalhaes.com.br\/index.php\/wp-json\/wp\/v2\/posts\/49202\/revisions\/49205"}],"wp:featuredmedia":[{"embeddable":true,"href":"https:\/\/blogdoedvaldomagalhaes.com.br\/index.php\/wp-json\/wp\/v2\/media\/49203"}],"wp:attachment":[{"href":"https:\/\/blogdoedvaldomagalhaes.com.br\/index.php\/wp-json\/wp\/v2\/media?parent=49202"}],"wp:term":[{"taxonomy":"category","embeddable":true,"href":"https:\/\/blogdoedvaldomagalhaes.com.br\/index.php\/wp-json\/wp\/v2\/categories?post=49202"},{"taxonomy":"post_tag","embeddable":true,"href":"https:\/\/blogdoedvaldomagalhaes.com.br\/index.php\/wp-json\/wp\/v2\/tags?post=49202"}],"curies":[{"name":"wp","href":"https:\/\/api.w.org\/{rel}","templated":true}]}}