{"id":48716,"date":"2019-11-26T10:01:02","date_gmt":"2019-11-26T13:01:02","guid":{"rendered":"http:\/\/blogdoedvaldomagalhaes.com.br\/?p=48716"},"modified":"2019-11-26T11:42:29","modified_gmt":"2019-11-26T14:42:29","slug":"colisao-entre-onibus-e-moto-com-vitima-fatal-em-caruaru","status":"publish","type":"post","link":"https:\/\/blogdoedvaldomagalhaes.com.br\/index.php\/2019\/11\/26\/colisao-entre-onibus-e-moto-com-vitima-fatal-em-caruaru\/","title":{"rendered":"Colis\u00e3o entre \u00f4nibus e moto com v\u00edtima fatal em Caruaru"},"content":{"rendered":"<p style=\"text-align: justify;\">O acidente de tr\u00e2nsito ocorreu na noite dessa segunda-feira (25), no bairro Indian\u00f3polis, em Caruaru. Edgar Augusto de Melo Ferreira da Silva, 38 anos, que conduzia a motocicleta, foi socorrido pelo Samu para o Hospital Regional do Agreste (HRA), mas n\u00e3o resistiu aos ferimentos e faleceu.<\/p>\n\n\n<figure class=\"wp-block-image size-large\"><img loading=\"lazy\" decoding=\"async\" width=\"540\" height=\"709\" src=\"http:\/\/blogdoedvaldomagalhaes.com.br\/wp-content\/uploads\/2019\/11\/IMG-20191126-WA0059.jpg\" alt=\"\" class=\"wp-image-48719\" srcset=\"https:\/\/blogdoedvaldomagalhaes.com.br\/wp-content\/uploads\/2019\/11\/IMG-20191126-WA0059.jpg 540w, https:\/\/blogdoedvaldomagalhaes.com.br\/wp-content\/uploads\/2019\/11\/IMG-20191126-WA0059-228x300.jpg 228w\" sizes=\"auto, (max-width: 540px) 100vw, 540px\" \/><figcaption>Edgar Augusto<\/figcaption><\/figure>\n","protected":false},"excerpt":{"rendered":"<p>O acidente de tr\u00e2nsito ocorreu na noite dessa segunda-feira (25), no bairro Indian\u00f3polis, em Caruaru. Edgar Augusto de Melo Ferreira&hellip;<\/p>\n","protected":false},"author":1,"featured_media":48717,"comment_status":"open","ping_status":"open","sticky":false,"template":"","format":"standard","meta":{"footnotes":""},"categories":[14120],"tags":[1527,16673],"class_list":["post-48716","post","type-post","status-publish","format-standard","has-post-thumbnail","hentry","category-noticias","tag-bairro-indianopolis","tag-colisao-entre-onibus-e-moto-com-vitima-fatal-em-caruaru"],"_links":{"self":[{"href":"https:\/\/blogdoedvaldomagalhaes.com.br\/index.php\/wp-json\/wp\/v2\/posts\/48716","targetHints":{"allow":["GET"]}}],"collection":[{"href":"https:\/\/blogdoedvaldomagalhaes.com.br\/index.php\/wp-json\/wp\/v2\/posts"}],"about":[{"href":"https:\/\/blogdoedvaldomagalhaes.com.br\/index.php\/wp-json\/wp\/v2\/types\/post"}],"author":[{"embeddable":true,"href":"https:\/\/blogdoedvaldomagalhaes.com.br\/index.php\/wp-json\/wp\/v2\/users\/1"}],"replies":[{"embeddable":true,"href":"https:\/\/blogdoedvaldomagalhaes.com.br\/index.php\/wp-json\/wp\/v2\/comments?post=48716"}],"version-history":[{"count":2,"href":"https:\/\/blogdoedvaldomagalhaes.com.br\/index.php\/wp-json\/wp\/v2\/posts\/48716\/revisions"}],"predecessor-version":[{"id":48720,"href":"https:\/\/blogdoedvaldomagalhaes.com.br\/index.php\/wp-json\/wp\/v2\/posts\/48716\/revisions\/48720"}],"wp:featuredmedia":[{"embeddable":true,"href":"https:\/\/blogdoedvaldomagalhaes.com.br\/index.php\/wp-json\/wp\/v2\/media\/48717"}],"wp:attachment":[{"href":"https:\/\/blogdoedvaldomagalhaes.com.br\/index.php\/wp-json\/wp\/v2\/media?parent=48716"}],"wp:term":[{"taxonomy":"category","embeddable":true,"href":"https:\/\/blogdoedvaldomagalhaes.com.br\/index.php\/wp-json\/wp\/v2\/categories?post=48716"},{"taxonomy":"post_tag","embeddable":true,"href":"https:\/\/blogdoedvaldomagalhaes.com.br\/index.php\/wp-json\/wp\/v2\/tags?post=48716"}],"curies":[{"name":"wp","href":"https:\/\/api.w.org\/{rel}","templated":true}]}}